{"id":2962,"date":"2021-06-03T21:36:59","date_gmt":"2021-06-03T19:36:59","guid":{"rendered":"https:\/\/pipol10.pipolcongres.eu\/2021\/06\/03\/la-naissance-evenement-olivier-de-ville\/"},"modified":"2021-06-03T21:42:22","modified_gmt":"2021-06-03T19:42:22","slug":"el-nacimiento-acontecimiento-olivier-de-ville","status":"publish","type":"post","link":"https:\/\/pipol10.pipolcongres.eu\/es\/2021\/06\/03\/el-nacimiento-acontecimiento-olivier-de-ville\/","title":{"rendered":"El nacimiento-acontecimiento \u2013 Olivier De Ville"},"content":{"rendered":"<div class=\"pf-content\"><p>El congreso Pipol 10 nos propone explorar su tema \u201cDeseo de familia y cl\u00ednica de las filiaciones\u201d y abordar\u00e1 lo que la ciencia aporta como transformaci\u00f3n para cada uno. Mientras tanto, en este Edito, les propongo avanzar hacia la ciencia-ficci\u00f3n y lo\u00a0fant\u00e1stico. <em>Epiphania<\/em><a href=\"#_edn1\" name=\"_ednref1\">[1]<\/a>es una secuela de tres comics realizados por Ludovic Debeurme, autor prol\u00edfico y sensible al psicoan\u00e1lisis. En un formato m\u00e1s cl\u00e1sico que habitualmente, nos ofrece un cuento que comienza y se termina con la cuesti\u00f3n del alumbramiento. El t\u00edtulo, <em>Epiphania<\/em>, recuerda el t\u00e9rmino \u201cEpifan\u00eda\u201d que celebra la venida al mundo del ni\u00f1o considerado por los cristianos como la encarnaci\u00f3n de Dios y que designa igualmente, nos dice Wikipedia, \u201cla comprensi\u00f3n repentina de la esencia o de la significaci\u00f3n de algo\u201d. En definitiva, el nacimiento es el fulgor del efecto de sentido.<\/p>\n<p>El primer tomo de <em>Epiphania <\/em>comienza con David, cuya pareja, Jeanne, est\u00e1 a punto de dar a luz. Cuando llega al hospital, no hay personal sanitario\u2013\u00a0est\u00e1 solo frente a ella y el ni\u00f1o por nacer. Petrificado ante la visi\u00f3n de aquel que viene al mundo, lo vemos en la vi\u00f1eta siguiente con un beb\u00e9 en brazos, cuyos trazos son muy extra\u00f1os. Era una pesadilla, recurrente, que esta vez despierta a David poco antes de que los acontecimientos pre-apocal\u00edpticos sobrevengan. Unos meteoritos alcanzan la superficie de la Tierra, provocando tsunamis de los cuales la pareja de David ser\u00e1 victima. De estos acontecimientos, emergen de la Tierra, que se volvi\u00f3 fecunda, unos peque\u00f1os seres de nuevo g\u00e9nero, mezcla de humano y de otros mam\u00edferos \u2013\u00a0los <em>mixbodies<\/em>. Una de estas extra\u00f1as criaturas crece en el jard\u00edn de David \u2013\u00a0se parece mucho a la de sus pesadillas. No sabiendo si \u201cabortarla\u201d, finalmente decide, frente a la mirada de esta y el sufrimiento de este peque\u00f1o cuerpo, adoptarla, d\u00e1ndole un nombre: Kojiko.<\/p>\n<p>H\u00e9l\u00e8ne Bonnaud se\u00f1ala: \u201cLa paternidad no fue nunca cierta pero el acto de reconocimiento del ni\u00f1o como propio ven\u00eda a garantizar un acto del padre, que esta\u0301 contradicho desde hace alg\u00fan tiempo por el saber cient\u00edfico. El padre gen\u00e9tico desaloja al padre simb\u00f3lico, y esto tiene repercusiones en la construcci\u00f3n misma de los v\u00ednculos familiares. La ciencia llega a hacer un corte en el reconocimiento paterno. Es intrusiva ah\u00ed, y en ocasiones destruye. Verifica entonces una duda, una mentira, una herida, y constituye la paternidad como un v\u00ednculo de sangre y no de nominaci\u00f3n. Subrayemos que todo ni\u00f1o, sea o no gen\u00e9ticamente propio, es \u00abadoptado\u00bb tanto por su padre como por su madre. Se trata de asumir el compromiso de responsabilizarse de \u00e9l, de convertirse en sus padres.\u201d<a href=\"#_edn2\" name=\"_ednref2\">[2]<\/a><\/p>\n<p>Aqu\u00ed, no hay dudas, David no es su padre gen\u00e9tico. No solamente adopta Kojiko, sino que este \u00faltimo lo reconoce como su padre, al punto de desmentir lo cient\u00edfico con el cual se topa y que afirma que el \u201codio de los humanos\u201d est\u00e1 gen\u00e9ticamente programado en el ADN de los <em>mixbodies<\/em>. En este cuento cautivador, L. Debeurme desarrolla el recorrido de un padre que no cede ante su deseo de ser padre frente a la alteridad radical de su hijo y de un hijo que intenta construir su lugar en el mundo.<\/p>\n<p>Del padre, de eso hablaremos en este nuevo conjunto de Ombilic que, a partir de hoy, ofrecer\u00e1 la posibilidad de descubrir cinco art\u00edculos. En su texto \u201cMal de padre\u201d, Chantal Bonneau retoma el libro de Patrick Modiano, premio Nobel de literatura, donde describe el imposible encuentro con su padre.<\/p>\n<p>Podemos tambi\u00e9n descubrir la entrevista de la jueza Guenoveva Ilieva en Bulgaria, quien desde hace nueve a\u00f1os lleva a cabo procesos civiles en la corte de Varna en torno a los derechos parentales y las medidas de protecci\u00f3n de los ni\u00f1os. De la ley, se hablar\u00e1 tambi\u00e9n en el texto de Martine Revel acerca de la ley francesa relativa a la interrupci\u00f3n voluntaria del embarazo.<\/p>\n<p>Karagianni Despina nos propone, para continuar el tour por Europa, una reflexi\u00f3n que nace de su trabajo en tanto directora cl\u00ednica de un centro de d\u00eda en Grecia, destinado a mujeres durante el periodo perinatal.<\/p>\n<p>Para volver al tema del Edito, tambi\u00e9n encontraremos en este env\u00edo de Ombilic 18 un texto de Sophie Lecocq-Simon titulado \u201cTraer al mundo a un extra\u00f1o\u201d, y que propone una lectura del libro de Amandine Dh\u00e9e, <em>La femme brouillon<\/em>. Esta, nos dice S. Lecocq-Simon, \u201ccierne de manera magistral que las figuras del extra\u00f1o son, antes que nada, asunto de subjetividad y demuestra c\u00f3mo son barridas debajo de la alfombra de lo \u00edntimo de lo cotidiano, en este caso, en la de una futura, y despu\u00e9s joven madre\u201d.<\/p>\n<p>&nbsp;<\/p>\n<p style=\"text-align: right;\">Fotograf\u00eda: \u00a9Emmanuel Kervyn &#8211; <a href=\"https:\/\/www.emmanuelkervyn.com\">https:\/\/www.emmanuelkervyn.com<\/a><\/p>\n<p>&nbsp;<\/p>\n<p><a href=\"#_ednref1\" name=\"_edn1\">[1]<\/a> Debeurme L., <em>Epiphania<\/em>, t.\u00a01, 2 &amp; 3, Bruselas, Casterman, 2017-2019.<\/p>\n<p><a href=\"#_ednref2\" name=\"_edn2\">[2]<\/a> Bonnaud H., <em>El inconsciente del ni\u00f1o, del s\u00edntoma al deseo de saber<\/em>, Barcelona, RBA Libros, 2018, p.\u00a031-32<\/p>\n<\/div>","protected":false},"excerpt":{"rendered":"<p>El congreso Pipol 10 nos propone explorar su tema \u201cDeseo de familia y cl\u00ednica de las filiaciones\u201d y abordar\u00e1 lo que la ciencia aporta como transformaci\u00f3n para cada uno. Mientras tanto, en este Edito, les propongo avanzar hacia la ciencia-ficci\u00f3n y lo\u00a0fant\u00e1stico. Epiphania[1]es una secuela de tres comics realizados por Ludovic Debeurme, autor prol\u00edfico y [&hellip;]<\/p>\n","protected":false},"author":3,"featured_media":2926,"comment_status":"closed","ping_status":"closed","sticky":false,"template":"","format":"standard","meta":[],"categories":[85],"tags":[],"yoast_head":"<!-- This site is optimized with the Yoast SEO plugin v15.5 - https:\/\/yoast.com\/wordpress\/plugins\/seo\/ -->\n<title>El nacimiento-acontecimiento \u2013 Olivier De Ville - Pipol10<\/title>\n<meta name=\"robots\" content=\"index, follow, max-snippet:-1, max-image-preview:large, max-video-preview:-1\" \/>\n<link rel=\"canonical\" href=\"https:\/\/pipol10.pipolcongres.eu\/es\/2021\/06\/03\/el-nacimiento-acontecimiento-olivier-de-ville\/\" \/>\n<meta property=\"og:locale\" content=\"es_ES\" \/>\n<meta property=\"og:type\" content=\"article\" \/>\n<meta property=\"og:title\" content=\"El nacimiento-acontecimiento \u2013 Olivier De Ville - Pipol10\" \/>\n<meta property=\"og:description\" content=\"El congreso Pipol 10 nos propone explorar su tema \u201cDeseo de familia y cl\u00ednica de las filiaciones\u201d y abordar\u00e1 lo que la ciencia aporta como transformaci\u00f3n para cada uno. Mientras tanto, en este Edito, les propongo avanzar hacia la ciencia-ficci\u00f3n y lo\u00a0fant\u00e1stico. Epiphania[1]es una secuela de tres comics realizados por Ludovic Debeurme, autor prol\u00edfico y [&hellip;]\" \/>\n<meta property=\"og:url\" content=\"https:\/\/pipol10.pipolcongres.eu\/es\/2021\/06\/03\/el-nacimiento-acontecimiento-olivier-de-ville\/\" \/>\n<meta property=\"og:site_name\" content=\"Pipol10\" \/>\n<meta property=\"article:published_time\" content=\"2021-06-03T19:36:59+00:00\" \/>\n<meta property=\"article:modified_time\" content=\"2021-06-03T19:42:22+00:00\" \/>\n<meta property=\"og:image\" content=\"https:\/\/pipol10.pipolcongres.eu\/wp-content\/uploads\/2021\/06\/Edito-E.Kervyn.jpg\" \/>\n\t<meta property=\"og:image:width\" content=\"1140\" \/>\n\t<meta property=\"og:image:height\" content=\"760\" \/>\n<meta name=\"twitter:card\" content=\"summary_large_image\" \/>\n<meta name=\"twitter:label1\" content=\"Tiempo de lectura\">\n\t<meta name=\"twitter:data1\" content=\"3 minutos\">\n<script type=\"application\/ld+json\" class=\"yoast-schema-graph\">{\"@context\":\"https:\/\/schema.org\",\"@graph\":[{\"@type\":\"WebSite\",\"@id\":\"https:\/\/pipol10.pipolcongres.eu\/#website\",\"url\":\"https:\/\/pipol10.pipolcongres.eu\/\",\"name\":\"Pipol10\",\"description\":\"Un site utilisant WordPress\",\"potentialAction\":[{\"@type\":\"SearchAction\",\"target\":\"https:\/\/pipol10.pipolcongres.eu\/?s={search_term_string}\",\"query-input\":\"required name=search_term_string\"}],\"inLanguage\":\"es\"},{\"@type\":\"ImageObject\",\"@id\":\"https:\/\/pipol10.pipolcongres.eu\/es\/2021\/06\/03\/el-nacimiento-acontecimiento-olivier-de-ville\/#primaryimage\",\"inLanguage\":\"es\",\"url\":\"https:\/\/pipol10.pipolcongres.eu\/wp-content\/uploads\/2021\/06\/Edito-E.Kervyn.jpg\",\"width\":1140,\"height\":760,\"caption\":\"\\u00a9Emmanuel Kervyn - https:\/\/www.emmanuelkervyn.com\"},{\"@type\":\"WebPage\",\"@id\":\"https:\/\/pipol10.pipolcongres.eu\/es\/2021\/06\/03\/el-nacimiento-acontecimiento-olivier-de-ville\/#webpage\",\"url\":\"https:\/\/pipol10.pipolcongres.eu\/es\/2021\/06\/03\/el-nacimiento-acontecimiento-olivier-de-ville\/\",\"name\":\"El nacimiento-acontecimiento \\u2013 Olivier De Ville - Pipol10\",\"isPartOf\":{\"@id\":\"https:\/\/pipol10.pipolcongres.eu\/#website\"},\"primaryImageOfPage\":{\"@id\":\"https:\/\/pipol10.pipolcongres.eu\/es\/2021\/06\/03\/el-nacimiento-acontecimiento-olivier-de-ville\/#primaryimage\"},\"datePublished\":\"2021-06-03T19:36:59+00:00\",\"dateModified\":\"2021-06-03T19:42:22+00:00\",\"author\":{\"@id\":\"https:\/\/pipol10.pipolcongres.eu\/#\/schema\/person\/f8cb217f45103fcb436f14acee2b5b9b\"},\"inLanguage\":\"es\",\"potentialAction\":[{\"@type\":\"ReadAction\",\"target\":[\"https:\/\/pipol10.pipolcongres.eu\/es\/2021\/06\/03\/el-nacimiento-acontecimiento-olivier-de-ville\/\"]}]},{\"@type\":\"Person\",\"@id\":\"https:\/\/pipol10.pipolcongres.eu\/#\/schema\/person\/f8cb217f45103fcb436f14acee2b5b9b\",\"name\":\"PIPOL TEAM\",\"image\":{\"@type\":\"ImageObject\",\"@id\":\"https:\/\/pipol10.pipolcongres.eu\/#personlogo\",\"inLanguage\":\"es\",\"url\":\"https:\/\/secure.gravatar.com\/avatar\/0eb3136ac61cb005f2ca6aef466d1dda?s=96&d=mm&r=g\",\"caption\":\"PIPOL TEAM\"}}]}<\/script>\n<!-- \/ Yoast SEO plugin. -->","amp_validity":null,"amp_enabled":true,"_links":{"self":[{"href":"https:\/\/pipol10.pipolcongres.eu\/es\/wp-json\/wp\/v2\/posts\/2962"}],"collection":[{"href":"https:\/\/pipol10.pipolcongres.eu\/es\/wp-json\/wp\/v2\/posts"}],"about":[{"href":"https:\/\/pipol10.pipolcongres.eu\/es\/wp-json\/wp\/v2\/types\/post"}],"author":[{"embeddable":true,"href":"https:\/\/pipol10.pipolcongres.eu\/es\/wp-json\/wp\/v2\/users\/3"}],"replies":[{"embeddable":true,"href":"https:\/\/pipol10.pipolcongres.eu\/es\/wp-json\/wp\/v2\/comments?post=2962"}],"version-history":[{"count":2,"href":"https:\/\/pipol10.pipolcongres.eu\/es\/wp-json\/wp\/v2\/posts\/2962\/revisions"}],"predecessor-version":[{"id":2966,"href":"https:\/\/pipol10.pipolcongres.eu\/es\/wp-json\/wp\/v2\/posts\/2962\/revisions\/2966"}],"wp:featuredmedia":[{"embeddable":true,"href":"https:\/\/pipol10.pipolcongres.eu\/es\/wp-json\/wp\/v2\/media\/2926"}],"wp:attachment":[{"href":"https:\/\/pipol10.pipolcongres.eu\/es\/wp-json\/wp\/v2\/media?parent=2962"}],"wp:term":[{"taxonomy":"category","embeddable":true,"href":"https:\/\/pipol10.pipolcongres.eu\/es\/wp-json\/wp\/v2\/categories?post=2962"},{"taxonomy":"post_tag","embeddable":true,"href":"https:\/\/pipol10.pipolcongres.eu\/es\/wp-json\/wp\/v2\/tags?post=2962"}],"curies":[{"name":"wp","href":"https:\/\/api.w.org\/{rel}","templated":true}]}}