{"id":3068,"date":"2021-06-10T21:29:34","date_gmt":"2021-06-10T19:29:34","guid":{"rendered":"https:\/\/pipol10.pipolcongres.eu\/2021\/06\/10\/vouloir-un-enfant-carina-arantes-faria\/"},"modified":"2021-06-10T22:53:47","modified_gmt":"2021-06-10T20:53:47","slug":"querer-un-hijo-carina-arantes-faria","status":"publish","type":"post","link":"https:\/\/pipol10.pipolcongres.eu\/es\/2021\/06\/10\/querer-un-hijo-carina-arantes-faria\/","title":{"rendered":"\u00bfQuerer un hijo? \u2013 Carina Arantes Faria"},"content":{"rendered":"<div class=\"pf-content\"><p>Esta cuesti\u00f3n planteada como un caleidoscopio en los 19 n\u00fameros de Ombilic contin\u00faa alimentando de sensaciones vivas y variadas las elaboraciones para el congreso PIPOL10. S\u00f3lo faltan tres semanas para que esas preguntas en gestaci\u00f3n se abran en las simult\u00e1neas y las plenarias del Congreso.<\/p>\n<p>Para introducir esta edici\u00f3n de Ombilic escog\u00ed ilustrar la pregunta \u2013 \u00bf<em>Querer un hijo?<\/em> &#8211;\u00a0 a trav\u00e9s de la pel\u00edcula <em>Una especie de familia, <\/em>en franc\u00e9s <em>Notre enfant<\/em>, realizada por el argentino Diego Lerman (2017).<\/p>\n<p><em>Malena quiere un hijo; Marcela no quiere el suyo. <\/em>Bajo la lluvia, en una atm\u00f3sfera de suspenso, Malena se va de Buenos Aires y conduce 800 km en carro para llegar a una cl\u00ednica de una regi\u00f3n pobre. Marcela va a dar a luz de un beb\u00e9 que, seg\u00fan el acuerdo entre ellas, deber\u00eda volverse hijo de Malena. Las cuestiones con respecto a la adopci\u00f3n revelan una realidad sobre la venta de los ni\u00f1os en ese peque\u00f1o rinc\u00f3n de Argentina.<\/p>\n<p>Entre las diferentes dificultades presentadas en la pel\u00edcula, est\u00e1 la manera de como Malena y Marcela se desenvuelven con sus modos singulares de querer ese ni\u00f1o.<\/p>\n<p>Marcela, madre de alquiler, da la vida a ese ni\u00f1o para venderlo con el prop\u00f3sito de ganar plata para que sus otros hijos puedan sobrevivir; Malena, madre adoptiva, quiere imperativamente un hijo y \u2013 llevada por su angustia \u2013 termina en prisi\u00f3n sin el beb\u00e9.<\/p>\n<p>El Otro social se inmiscuye en los callejones sin salida de las dos mujeres a trav\u00e9s de una especie de mafia entre la industria hospitalaria y la administraci\u00f3n de los registros de nacimiento para, al parecer, arreglar el <em>deal <\/em>del beb\u00e9.<\/p>\n<p>En la pel\u00edcula, la traves\u00eda de Malena por tener un hijo se da despu\u00e9s de la perdida de un beb\u00e9 durante el embarazo y permite al espectador acompa\u00f1ar la trayectoria de su dolor y sufrimiento frente al imperativo de ser madre.<\/p>\n<p>Malena sale de prisi\u00f3n y, decidida, saca el beb\u00e9 que hab\u00eda sido internado en un hogar de beb\u00e9s para devolv\u00e9rselo a la madre de alquiler. Despu\u00e9s de este acto, se va\u2026<\/p>\n<p>&nbsp;<\/p>\n<p>En este n\u00famero de Ombilic, los cinco textos presentados recorren esta misma pregunta por diferentes caminos.<\/p>\n<p>Romain Aub\u00e9 retoma un caso medi\u00e1tico de infanticidio a trav\u00e9s del documental <em>Recorrido asesino de una madre ordinaria <\/em><a href=\"#_edn1\" name=\"_ednref1\">[1]<\/a> para trazar el esfuerzo del sujeto por apropiarse \u2013 a posteriori y con el reconocimiento del Otro &#8211; el deseo de maternidad.<\/p>\n<p>Anne Lysy aborda la cuesti\u00f3n por la v\u00eda del enigma del deseo de un ni\u00f1o situado en el espacio entre hombre y padre, mujer y madre. Su texto interroga la funci\u00f3n de ese deseo y el lugar que puede tomar un ni\u00f1o en la subjetividad de su madre como mujer, as\u00ed como de su padre como hombre.<\/p>\n<p>Claudine Valette-Damase explora la cuesti\u00f3n de la forclusi\u00f3n del significante familia en Europa \u2013 en lo que concierne la familia y la filiaci\u00f3n \u2013 a favor del neologismo parentalidad y las consecuencias para los padres y los ni\u00f1os de ese cambio impulsado por las leyes sociales.<\/p>\n<p>Renata Cuchiarelli abre la gama de preguntas que resulta de la idea de tener hijos a trav\u00e9s de diferentes vi\u00f1etas de una cl\u00ednica contempor\u00e1nea que nos muestra cada vez m\u00e1s una supremac\u00eda del cuerpo totalmente separado del saber. La autora nos invita a discutir la urgencia de abordar a trav\u00e9s del psicoan\u00e1lisis lo que toca a la inconsistencia del cuerpo.<\/p>\n<p>Fran\u00e7oise Haccoun nos recuerda: el fantasma del embarazo no es hom\u00f3logo al fantasma de tener un hijo. \u00bfCu\u00e1l es entonces la naturaleza del fantasma del hombre? Su texto nos presenta <em>El hombre embarazado<\/em> y nos invita a considerar las nuevas experiencias procreativas \u201ctrans\u201d que afectan las posiciones del lado hombre y del lado mujer a partir de su goce, lo que nos invita a reflexionar sobre el t\u00e9rmino \u201csexuaci\u00f3n\u201d forjado por Lacan en su \u00faltima ense\u00f1anza.<\/p>\n<p>En el video de esta semana, <em>Cuando el deseo de hijo encuentra la ciencia<\/em>, Thierry Hoquet, fil\u00f3sofo de la ciencia, nos habla de los efectos de la ciencia reproductiva sobre la cuesti\u00f3n de \u00bf<em>querer un hijo?<\/em><\/p>\n<p>Terminaremos con la presentaci\u00f3n de H\u00e9l\u00e8ne Coppens de dos artistas en nuestra galer\u00eda: Hugue Dubuisson y Fred Reddman. \u00a1Que linda experiencia!<\/p>\n<p>\u00a1Buena lectura!<\/p>\n<p>&nbsp;<\/p>\n<p style=\"text-align: right;\">Traducido por Carolina Aldana Nu\u00f1ez<\/p>\n<p style=\"text-align: right;\">Fotograf\u00eda: \u00a9Swoboda Fr\u00e9d\u00e9ric\u00a0: <a href=\"http:\/\/www.swoboda.be\/\">www.swoboda.be<\/a><\/p>\n<h3><a href=\"https:\/\/pipol10.pipolcongres.eu\/wp-content\/uploads\/2021\/04\/Bibliography-2.pdf\">Bibliograf\u00eda<\/a><\/h3>\n<p><a href=\"https:\/\/pipol10.pipolcongres.eu\/wp-content\/uploads\/2021\/04\/Bibliography-2.pdf\">\u00ab\u00a0Le d\u00e9sir d\u2019enfant, l\u2019enfantement, voire la procr\u00e9ation, sont des modes de suppl\u00e9ance parmi d\u2019autres au non-rapport sexuel. En m\u00eame temps qu\u2019ils y suppl\u00e9ent, il le r\u00e9v\u00e8lent\u00a0.\u00a0\u00bb<\/a><\/p>\n<p>Ansermet F., \u00ab <em>Du mariage pour tous\u2026 \u00e0 la procr\u00e9ation pour tous, entre malentendus et illusions\u00a0<\/em>\u00bb, Entretien avec Fran\u00e7ois Ansermet par Nouria Gr\u00fcndler, Lacan Quotidien, n\u00b0794, 2018.<\/p>\n<p>&nbsp;<\/p>\n<p><a href=\"#_ednref1\" name=\"_edn1\">[1]<\/a> de Lestrade J.-X., <em>Parcours meurtrier d\u2019une m\u00e8re ordinaire. L\u2019affaire Courjault<\/em>, film documentaire, France, 2009.<\/p>\n<\/div>","protected":false},"excerpt":{"rendered":"<p>Esta cuesti\u00f3n planteada como un caleidoscopio en los 19 n\u00fameros de Ombilic contin\u00faa alimentando de sensaciones vivas y variadas las elaboraciones para el congreso PIPOL10. S\u00f3lo faltan tres semanas para que esas preguntas en gestaci\u00f3n se abran en las simult\u00e1neas y las plenarias del Congreso. Para introducir esta edici\u00f3n de Ombilic escog\u00ed ilustrar la pregunta [&hellip;]<\/p>\n","protected":false},"author":3,"featured_media":3062,"comment_status":"closed","ping_status":"closed","sticky":false,"template":"","format":"standard","meta":[],"categories":[85],"tags":[],"yoast_head":"<!-- This site is optimized with the Yoast SEO plugin v15.5 - https:\/\/yoast.com\/wordpress\/plugins\/seo\/ -->\n<title>\u00bfQuerer un hijo? \u2013 Carina Arantes Faria - Pipol10<\/title>\n<meta name=\"robots\" content=\"index, follow, max-snippet:-1, max-image-preview:large, max-video-preview:-1\" \/>\n<link rel=\"canonical\" href=\"https:\/\/pipol10.pipolcongres.eu\/es\/2021\/06\/10\/querer-un-hijo-carina-arantes-faria\/\" \/>\n<meta property=\"og:locale\" content=\"es_ES\" \/>\n<meta property=\"og:type\" content=\"article\" \/>\n<meta property=\"og:title\" content=\"\u00bfQuerer un hijo? \u2013 Carina Arantes Faria - Pipol10\" \/>\n<meta property=\"og:description\" content=\"Esta cuesti\u00f3n planteada como un caleidoscopio en los 19 n\u00fameros de Ombilic contin\u00faa alimentando de sensaciones vivas y variadas las elaboraciones para el congreso PIPOL10. S\u00f3lo faltan tres semanas para que esas preguntas en gestaci\u00f3n se abran en las simult\u00e1neas y las plenarias del Congreso. Para introducir esta edici\u00f3n de Ombilic escog\u00ed ilustrar la pregunta [&hellip;]\" \/>\n<meta property=\"og:url\" content=\"https:\/\/pipol10.pipolcongres.eu\/es\/2021\/06\/10\/querer-un-hijo-carina-arantes-faria\/\" \/>\n<meta property=\"og:site_name\" content=\"Pipol10\" \/>\n<meta property=\"article:published_time\" content=\"2021-06-10T19:29:34+00:00\" \/>\n<meta property=\"article:modified_time\" content=\"2021-06-10T20:53:47+00:00\" \/>\n<meta property=\"og:image\" content=\"https:\/\/pipol10.pipolcongres.eu\/wp-content\/uploads\/2021\/06\/Swoboda.-edito-Carina.jpg\" \/>\n\t<meta property=\"og:image:width\" content=\"1140\" \/>\n\t<meta property=\"og:image:height\" content=\"760\" \/>\n<meta name=\"twitter:card\" content=\"summary_large_image\" \/>\n<meta name=\"twitter:label1\" content=\"Tiempo de lectura\">\n\t<meta name=\"twitter:data1\" content=\"3 minutos\">\n<script type=\"application\/ld+json\" class=\"yoast-schema-graph\">{\"@context\":\"https:\/\/schema.org\",\"@graph\":[{\"@type\":\"WebSite\",\"@id\":\"https:\/\/pipol10.pipolcongres.eu\/#website\",\"url\":\"https:\/\/pipol10.pipolcongres.eu\/\",\"name\":\"Pipol10\",\"description\":\"Un site utilisant WordPress\",\"potentialAction\":[{\"@type\":\"SearchAction\",\"target\":\"https:\/\/pipol10.pipolcongres.eu\/?s={search_term_string}\",\"query-input\":\"required name=search_term_string\"}],\"inLanguage\":\"es\"},{\"@type\":\"ImageObject\",\"@id\":\"https:\/\/pipol10.pipolcongres.eu\/es\/2021\/06\/10\/querer-un-hijo-carina-arantes-faria\/#primaryimage\",\"inLanguage\":\"es\",\"url\":\"https:\/\/pipol10.pipolcongres.eu\/wp-content\/uploads\/2021\/06\/Swoboda.-edito-Carina.jpg\",\"width\":1140,\"height\":760,\"caption\":\"\\u00a9Swoboda Fr\\u00e9d\\u00e9ric : www.swoboda.be\"},{\"@type\":\"WebPage\",\"@id\":\"https:\/\/pipol10.pipolcongres.eu\/es\/2021\/06\/10\/querer-un-hijo-carina-arantes-faria\/#webpage\",\"url\":\"https:\/\/pipol10.pipolcongres.eu\/es\/2021\/06\/10\/querer-un-hijo-carina-arantes-faria\/\",\"name\":\"\\u00bfQuerer un hijo? \\u2013 Carina Arantes Faria - Pipol10\",\"isPartOf\":{\"@id\":\"https:\/\/pipol10.pipolcongres.eu\/#website\"},\"primaryImageOfPage\":{\"@id\":\"https:\/\/pipol10.pipolcongres.eu\/es\/2021\/06\/10\/querer-un-hijo-carina-arantes-faria\/#primaryimage\"},\"datePublished\":\"2021-06-10T19:29:34+00:00\",\"dateModified\":\"2021-06-10T20:53:47+00:00\",\"author\":{\"@id\":\"https:\/\/pipol10.pipolcongres.eu\/#\/schema\/person\/f8cb217f45103fcb436f14acee2b5b9b\"},\"inLanguage\":\"es\",\"potentialAction\":[{\"@type\":\"ReadAction\",\"target\":[\"https:\/\/pipol10.pipolcongres.eu\/es\/2021\/06\/10\/querer-un-hijo-carina-arantes-faria\/\"]}]},{\"@type\":\"Person\",\"@id\":\"https:\/\/pipol10.pipolcongres.eu\/#\/schema\/person\/f8cb217f45103fcb436f14acee2b5b9b\",\"name\":\"PIPOL TEAM\",\"image\":{\"@type\":\"ImageObject\",\"@id\":\"https:\/\/pipol10.pipolcongres.eu\/#personlogo\",\"inLanguage\":\"es\",\"url\":\"https:\/\/secure.gravatar.com\/avatar\/0eb3136ac61cb005f2ca6aef466d1dda?s=96&d=mm&r=g\",\"caption\":\"PIPOL TEAM\"}}]}<\/script>\n<!-- \/ Yoast SEO plugin. -->","amp_validity":null,"amp_enabled":true,"_links":{"self":[{"href":"https:\/\/pipol10.pipolcongres.eu\/es\/wp-json\/wp\/v2\/posts\/3068"}],"collection":[{"href":"https:\/\/pipol10.pipolcongres.eu\/es\/wp-json\/wp\/v2\/posts"}],"about":[{"href":"https:\/\/pipol10.pipolcongres.eu\/es\/wp-json\/wp\/v2\/types\/post"}],"author":[{"embeddable":true,"href":"https:\/\/pipol10.pipolcongres.eu\/es\/wp-json\/wp\/v2\/users\/3"}],"replies":[{"embeddable":true,"href":"https:\/\/pipol10.pipolcongres.eu\/es\/wp-json\/wp\/v2\/comments?post=3068"}],"version-history":[{"count":2,"href":"https:\/\/pipol10.pipolcongres.eu\/es\/wp-json\/wp\/v2\/posts\/3068\/revisions"}],"predecessor-version":[{"id":3074,"href":"https:\/\/pipol10.pipolcongres.eu\/es\/wp-json\/wp\/v2\/posts\/3068\/revisions\/3074"}],"wp:featuredmedia":[{"embeddable":true,"href":"https:\/\/pipol10.pipolcongres.eu\/es\/wp-json\/wp\/v2\/media\/3062"}],"wp:attachment":[{"href":"https:\/\/pipol10.pipolcongres.eu\/es\/wp-json\/wp\/v2\/media?parent=3068"}],"wp:term":[{"taxonomy":"category","embeddable":true,"href":"https:\/\/pipol10.pipolcongres.eu\/es\/wp-json\/wp\/v2\/categories?post=3068"},{"taxonomy":"post_tag","embeddable":true,"href":"https:\/\/pipol10.pipolcongres.eu\/es\/wp-json\/wp\/v2\/tags?post=3068"}],"curies":[{"name":"wp","href":"https:\/\/api.w.org\/{rel}","templated":true}]}}