{"id":3315,"date":"2021-06-28T22:00:08","date_gmt":"2021-06-28T20:00:08","guid":{"rendered":"https:\/\/pipol10.pipolcongres.eu\/2021\/06\/28\/une-mere-une-femme-celine-aulit\/"},"modified":"2021-06-28T22:02:20","modified_gmt":"2021-06-28T20:02:20","slug":"una-madre-una-mujer-celine-aulit","status":"publish","type":"post","link":"https:\/\/pipol10.pipolcongres.eu\/es\/2021\/06\/28\/una-madre-una-mujer-celine-aulit\/","title":{"rendered":"Una madre, una mujer \u2013 C\u00e9line Aulit"},"content":{"rendered":"<div class=\"pf-content\"><p>La aventura de Ombilic llega a su fin. Unos d\u00edas antes de nuestro tan esperado Congreso, el equipo de Ombilic les reserva dos n\u00fameros formidables de ense\u00f1anzas. La contribuci\u00f3n de Patricia B.-Caroz que encontrar\u00e1n en este pen\u00faltimo n\u00famero, se centra en la dignidad restituida a las madres por el psicoan\u00e1lisis lacaniano, distingui\u00e9ndose de un discurso culpabilizador que a veces puede recaer sobre ellas.<\/p>\n<p>No cabe duda de que cada madre est\u00e1 marcada por la mujer que lleva dentro. Ya sea neg\u00e1ndola o reivindic\u00e1ndola, tanto si lo pasa por alto en silencio como vivi\u00e9ndola plenamente, esta parte-mujer se cuela en cada una de ellas. Un texto de J.-A. Miller, rele\u00eddo con motivo de la preparaci\u00f3n de estas jornadas, es muy expl\u00edcito sobre este tema: \u201c La fonction comblante de l\u2019enfant fait oublier qu\u2019il n\u2019en divise pas moins, chez le sujet f\u00e9minin acc\u00e9dant \u00e0 la fonction maternelle, la m\u00e8re et la femme\u00a0\u00bb N deTrad.[La funci\u00f3n colmadora del ni\u00f1o hace olvidar que \u00e9l no divide menos a la madre y a la mujer, en el sujeto femenino accediendo a la funci\u00f3n materna, la madre y la mujer\u201d]<a href=\"#_edn1\" name=\"_ednref1\"><sup>[1]<\/sup><\/a>. En esta madre en devenir, predomina una falta de saber, ya que es en el mismo momento en que la mujer se convierte en madre cuando se abre la escisi\u00f3n entre las dos. Su falta singular en tanto que <em>parl\u00eatre,<\/em> as\u00ed como el objeto puesto en juego en esta nueva aventura marcar\u00e1n la forma en que ella unir\u00e1 su destino al de este hijo. As\u00ed, hay tantas madres como mujeres. Una por una.<\/p>\n<h3><a href=\"https:\/\/pipol10.pipolcongres.eu\/wp-content\/uploads\/2021\/04\/Bibliography-2.pdf\">Bibliograf\u00eda<\/a><\/h3>\n<p><a href=\"https:\/\/pipol10.pipolcongres.eu\/wp-content\/uploads\/2021\/04\/Bibliography-2.pdf\">\u201cEso consiste en decir que, finalmente para la mujer, un ni\u00f1o es a\u00fan mejor que el \u00f3rgano que le falta. Una vez que se ha introducido la lengua materna en todo eso, ya todo sigue: la familia, la sociedad, la religi\u00f3n, etc. Eso borra lo que de la feminidad resiste precisamente a la l\u00f3gica de la Aufhebung: perder antes para reencontrar despu\u00e9s.\u201d<\/a><\/p>\n<p>Miller J.-A., \u201c La orientaci\u00f3n lacaniana. El ser y el Uno \u201c (2010- 2011), ense\u00f1anza pronunciada en el marco del departamento de psicoan\u00e1lisis de la universidad de Par\u00eds VIII, in\u00e9dito.<\/p>\n<p>&nbsp;<\/p>\n<p style=\"text-align: right;\">Fotograf\u00eda: \u00a9Pascale Simonet &#8211; <a href=\"https:\/\/www.pascale-simonet.be\/\">https:\/\/www.pascale-simonet.be\/<\/a><\/p>\n<p>&nbsp;<\/p>\n<p><a href=\"#_ednref1\" name=\"_edn1\"><sup>[1]<\/sup><\/a> J.-A., Miller, \u00ab\u00a0L\u2019enfant et l\u2019objet\u00a0\u00a0\u00bb, Revue <em>La petite girafe<\/em> N\u00b0 18, p.7.<\/p>\n<\/div>","protected":false},"excerpt":{"rendered":"<p>La aventura de Ombilic llega a su fin. Unos d\u00edas antes de nuestro tan esperado Congreso, el equipo de Ombilic les reserva dos n\u00fameros formidables de ense\u00f1anzas. La contribuci\u00f3n de Patricia B.-Caroz que encontrar\u00e1n en este pen\u00faltimo n\u00famero, se centra en la dignidad restituida a las madres por el psicoan\u00e1lisis lacaniano, distingui\u00e9ndose de un discurso [&hellip;]<\/p>\n","protected":false},"author":3,"featured_media":3311,"comment_status":"closed","ping_status":"closed","sticky":false,"template":"","format":"standard","meta":[],"categories":[85],"tags":[],"yoast_head":"<!-- This site is optimized with the Yoast SEO plugin v15.5 - https:\/\/yoast.com\/wordpress\/plugins\/seo\/ -->\n<title>Una madre, una mujer \u2013 C\u00e9line Aulit - Pipol10<\/title>\n<meta name=\"robots\" content=\"index, follow, max-snippet:-1, max-image-preview:large, max-video-preview:-1\" \/>\n<link rel=\"canonical\" href=\"https:\/\/pipol10.pipolcongres.eu\/es\/2021\/06\/28\/una-madre-una-mujer-celine-aulit\/\" \/>\n<meta property=\"og:locale\" content=\"es_ES\" \/>\n<meta property=\"og:type\" content=\"article\" \/>\n<meta property=\"og:title\" content=\"Una madre, una mujer \u2013 C\u00e9line Aulit - Pipol10\" \/>\n<meta property=\"og:description\" content=\"La aventura de Ombilic llega a su fin. Unos d\u00edas antes de nuestro tan esperado Congreso, el equipo de Ombilic les reserva dos n\u00fameros formidables de ense\u00f1anzas. La contribuci\u00f3n de Patricia B.-Caroz que encontrar\u00e1n en este pen\u00faltimo n\u00famero, se centra en la dignidad restituida a las madres por el psicoan\u00e1lisis lacaniano, distingui\u00e9ndose de un discurso [&hellip;]\" \/>\n<meta property=\"og:url\" content=\"https:\/\/pipol10.pipolcongres.eu\/es\/2021\/06\/28\/una-madre-una-mujer-celine-aulit\/\" \/>\n<meta property=\"og:site_name\" content=\"Pipol10\" \/>\n<meta property=\"article:published_time\" content=\"2021-06-28T20:00:08+00:00\" \/>\n<meta property=\"article:modified_time\" content=\"2021-06-28T20:02:20+00:00\" \/>\n<meta property=\"og:image\" content=\"https:\/\/pipol10.pipolcongres.eu\/wp-content\/uploads\/2021\/06\/simonet-edito-Aulit.jpg\" \/>\n\t<meta property=\"og:image:width\" content=\"1140\" \/>\n\t<meta property=\"og:image:height\" content=\"758\" \/>\n<meta name=\"twitter:card\" content=\"summary_large_image\" \/>\n<meta name=\"twitter:label1\" content=\"Tiempo de lectura\">\n\t<meta name=\"twitter:data1\" content=\"2 minutos\">\n<script type=\"application\/ld+json\" class=\"yoast-schema-graph\">{\"@context\":\"https:\/\/schema.org\",\"@graph\":[{\"@type\":\"WebSite\",\"@id\":\"https:\/\/pipol10.pipolcongres.eu\/#website\",\"url\":\"https:\/\/pipol10.pipolcongres.eu\/\",\"name\":\"Pipol10\",\"description\":\"Un site utilisant WordPress\",\"potentialAction\":[{\"@type\":\"SearchAction\",\"target\":\"https:\/\/pipol10.pipolcongres.eu\/?s={search_term_string}\",\"query-input\":\"required name=search_term_string\"}],\"inLanguage\":\"es\"},{\"@type\":\"ImageObject\",\"@id\":\"https:\/\/pipol10.pipolcongres.eu\/es\/2021\/06\/28\/una-madre-una-mujer-celine-aulit\/#primaryimage\",\"inLanguage\":\"es\",\"url\":\"https:\/\/pipol10.pipolcongres.eu\/wp-content\/uploads\/2021\/06\/simonet-edito-Aulit.jpg\",\"width\":1140,\"height\":758,\"caption\":\"\\u00a9Pascale Simonet - https:\/\/www.pascale-simonet.be\/\"},{\"@type\":\"WebPage\",\"@id\":\"https:\/\/pipol10.pipolcongres.eu\/es\/2021\/06\/28\/una-madre-una-mujer-celine-aulit\/#webpage\",\"url\":\"https:\/\/pipol10.pipolcongres.eu\/es\/2021\/06\/28\/una-madre-una-mujer-celine-aulit\/\",\"name\":\"Una madre, una mujer \\u2013 C\\u00e9line Aulit - Pipol10\",\"isPartOf\":{\"@id\":\"https:\/\/pipol10.pipolcongres.eu\/#website\"},\"primaryImageOfPage\":{\"@id\":\"https:\/\/pipol10.pipolcongres.eu\/es\/2021\/06\/28\/una-madre-una-mujer-celine-aulit\/#primaryimage\"},\"datePublished\":\"2021-06-28T20:00:08+00:00\",\"dateModified\":\"2021-06-28T20:02:20+00:00\",\"author\":{\"@id\":\"https:\/\/pipol10.pipolcongres.eu\/#\/schema\/person\/f8cb217f45103fcb436f14acee2b5b9b\"},\"inLanguage\":\"es\",\"potentialAction\":[{\"@type\":\"ReadAction\",\"target\":[\"https:\/\/pipol10.pipolcongres.eu\/es\/2021\/06\/28\/una-madre-una-mujer-celine-aulit\/\"]}]},{\"@type\":\"Person\",\"@id\":\"https:\/\/pipol10.pipolcongres.eu\/#\/schema\/person\/f8cb217f45103fcb436f14acee2b5b9b\",\"name\":\"PIPOL TEAM\",\"image\":{\"@type\":\"ImageObject\",\"@id\":\"https:\/\/pipol10.pipolcongres.eu\/#personlogo\",\"inLanguage\":\"es\",\"url\":\"https:\/\/secure.gravatar.com\/avatar\/0eb3136ac61cb005f2ca6aef466d1dda?s=96&d=mm&r=g\",\"caption\":\"PIPOL TEAM\"}}]}<\/script>\n<!-- \/ Yoast SEO plugin. -->","amp_validity":null,"amp_enabled":true,"_links":{"self":[{"href":"https:\/\/pipol10.pipolcongres.eu\/es\/wp-json\/wp\/v2\/posts\/3315"}],"collection":[{"href":"https:\/\/pipol10.pipolcongres.eu\/es\/wp-json\/wp\/v2\/posts"}],"about":[{"href":"https:\/\/pipol10.pipolcongres.eu\/es\/wp-json\/wp\/v2\/types\/post"}],"author":[{"embeddable":true,"href":"https:\/\/pipol10.pipolcongres.eu\/es\/wp-json\/wp\/v2\/users\/3"}],"replies":[{"embeddable":true,"href":"https:\/\/pipol10.pipolcongres.eu\/es\/wp-json\/wp\/v2\/comments?post=3315"}],"version-history":[{"count":2,"href":"https:\/\/pipol10.pipolcongres.eu\/es\/wp-json\/wp\/v2\/posts\/3315\/revisions"}],"predecessor-version":[{"id":3317,"href":"https:\/\/pipol10.pipolcongres.eu\/es\/wp-json\/wp\/v2\/posts\/3315\/revisions\/3317"}],"wp:featuredmedia":[{"embeddable":true,"href":"https:\/\/pipol10.pipolcongres.eu\/es\/wp-json\/wp\/v2\/media\/3311"}],"wp:attachment":[{"href":"https:\/\/pipol10.pipolcongres.eu\/es\/wp-json\/wp\/v2\/media?parent=3315"}],"wp:term":[{"taxonomy":"category","embeddable":true,"href":"https:\/\/pipol10.pipolcongres.eu\/es\/wp-json\/wp\/v2\/categories?post=3315"},{"taxonomy":"post_tag","embeddable":true,"href":"https:\/\/pipol10.pipolcongres.eu\/es\/wp-json\/wp\/v2\/tags?post=3315"}],"curies":[{"name":"wp","href":"https:\/\/api.w.org\/{rel}","templated":true}]}}