{"id":1384,"date":"2021-02-04T23:24:31","date_gmt":"2021-02-04T22:24:31","guid":{"rendered":"https:\/\/pipol10.pipolcongres.eu\/2021\/02\/04\/plus-fort-que-le-temps-philippe-hellebois\/"},"modified":"2021-02-04T23:38:28","modified_gmt":"2021-02-04T22:38:28","slug":"piu-forte-del-tempo-philippe-hellebois","status":"publish","type":"post","link":"https:\/\/pipol10.pipolcongres.eu\/it\/2021\/02\/04\/piu-forte-del-tempo-philippe-hellebois\/","title":{"rendered":"Pi\u00f9 forte del tempo \u2013 Philippe Hellebois"},"content":{"rendered":"<div class=\"pf-content\"><p>\u00ab\u00a0Non senza ragione il lattante attaccato al petto della madre \u00e8 diventato il modello di ogni rapporto amoroso \u00bb <a href=\"#_edn1\" name=\"_ednref1\">[1]<\/a><\/p>\n<p>Freud nei suoi <em>Tre Saggi<\/em> d\u00e0 una definizione dell&#8217;amore che lo colloca al di fuori del tempo, poich\u00e9 trova il suo prototipo nel bambino al seno. Una tale figura \u00e8 senza tempo perch\u00e9 \u00e8 di tutti i tempi, eterna o strutturale. Lungi dal dipendere dalla casualit\u00e0 degli incontri, da qualche racconto, si pone in un luogo che non conosce alcun evento reale, poich\u00e9 si basa su un <em>\u00e8 scritto.<\/em> <a href=\"#_edn2\" name=\"_ednref2\">[2]<\/a> Il bambino allattato al seno non entra nelle sorprese dello scorrere del tempo, ma nell&#8217;eternit\u00e0 dove si unisce al Cristo sulla croce, nella stessa adorazione. La pittura cristiana, inoltre, ha riunito le due figure nella stessa iconografia, ripetuta indefinitamente durante diversi secoli. Questo modello, una vera e propria immagine indelebile, illustra anche una definizione dell&#8217;amore che Jacques-Alain Miller descrive come\u00a0sbalorditiva, poich\u00e9 si tratta di un amore che non \u00e8 rivolto a nessuno, ma solo a un oggetto <a href=\"#_edn3\" name=\"_ednref3\">[3]<\/a>.<\/p>\n<p>Questo oggetto \u00e8 strano in pi\u00f9 di un modo. Lacan lo situa prima di tutto come appartenente al corpo stesso del bambino, il taglio che passa tra questo oggetto e la madre. Basa questa osservazione su ci\u00f2 che chiama l&#8217;organizzazione dei mammiferi in cui il bambino \u00e8 una specie di parassita. Poich\u00e9 il feto si sviluppa prima dentro un uovo, che poi diventa la placenta, ne consegue logicamente che il bambino e la placenta costituiscono insieme una prima unit\u00e0. Durante il parto il bambino non si separa dal corpo della madre quanto dai suoi involucri, e lo svezzamento, o la perdita dell&#8217;oggetto, inizia alla nascita. Essendo il rapporto del bambino con la mammella o con il seno omologo al suo rapporto con la placenta, Lacan ne deduce che il seno \u00e8 un organo ambocettivo posto sul corpo della madre, una specie di intermediario tra la madre e il bambino. Dalla parte della madre, il taglio passa altrove, non tra lei e il bambino, ma tra lei e l&#8217;oggetto obsoleto che costituisce la placenta. In altre parole, l&#8217;oggetto in questione tra lei e il bambino non appartiene a nessuno dei due. Questo sviluppo anatomico fatto da Lacan nelle ultime due parti del suo Seminario <em>L&#8217;Angoscia<\/em>, per quanto insolito nel suo insegnamento, \u00e8 tuttavia posto sotto l&#8217;egida del significante, della sua logica e anche della sua topologia <a href=\"#_edn4\" name=\"_ednref4\">[4]<\/a>.<\/p>\n<p>La stranezza di questo oggetto sta anche nel fatto che non possiamo pi\u00f9 toccarlo o accarezzarlo poich\u00e9 &#8211; lo impone la castrazione &#8211; \u00e8 scomparso. Freud lo descrive come un oggetto perduto, e osserva logicamente che l&#8217;oggetto non viene mai scoperto ma riscoperto. Questo avr\u00e0 allora cambiato la sua natura, poich\u00e9 sostituendosi all&#8217;oggetto perduto non pu\u00f3 che essere un feticcio. E ha valore solo per ricordare quello che si \u00e8 perso, in particolare per il fatto di parlare &#8211; succhiare o parlare, bisogna scegliere<strong>.<\/strong> Si stacca cos\u00ec su uno sfondo di castrazione e viene al posto precedentemente designato da &#8211; phi. Questo oggetto, che ha quindi pi\u00f9 a che fare con l&#8217;erotismo che con il cibo, d\u00e0 cos\u00ec all&#8217;amore uno sfondo di perversione, nel senso che non si ama mai nell&#8217;Altro che una piccola parte di s\u00e9. Questo \u00e8 ci\u00f2 che mostra Philip Roth, nel suo piccolo romanzo Il seno, dove il narratore amava cos\u00ec tanto, se non esclusivamente, questo attributo nella sua compagna, che si \u00e8 metamorfosato in questo stesso oggetto. Era ovviamente un seno con uno status speciale, dato che era anche un pene, e il narratore chiedeva costantemente alla sua ragazza di usarlo come se fosse la stessa cosa. Se non le piaceva la fellatio prima della sua metamorfosi, questo era quello che le chiese pi\u00f9 che mai dopo, quando il glande fu sostituito da un gigantesco capezzolo: &#8220;Voglio che lo faccia sempre, che ci dedichi ogni minuto che passa con me. Non ho pi\u00f9 voglia di parlare con lei. Non voglio che mi legga&#8230; Tutto quello che voglio \u00e8 che mi stringa, mi succhi e mi lecchi. Non sopporto che si fermi\u00a0\u00bb. <a href=\"#_edn5\" name=\"_ednref5\">[5]<\/a> \u00a0In questo caso, il feticcio era il fallo, che era esso stesso il pene, che non esiste!<\/p>\n<p>Andr\u00e9 Gide svilupp\u00f2 lo stesso tipo di passione del narratore di Roth, anche se il feticcio aveva un aspetto completamente diverso. Se il loro fu un matrimonio bianco, essendo Madeleine colpita per lui con un <em>noli tangere<\/em> radicale, e se lui non ha mai smesso di soddisfarsi con ragazzi dalla pelle scura che non pensano n\u00e9 scrivono, la loro coppia non \u00e8 rimasta senza libido. La libido era condensata in un oggetto speciale, le lettere che le aveva scritto da quando si era innamorato di leidurante l\u2019adolescenza. Vi riconobbe niente di meno che il suo bambino, la pi\u00f9 bella corrispondenza mai scritta a una donna, e rimase inconsolabile alla sua distruzione da parte di Madeleine quando essa si rese conto che lui amava al di fuori di lei. Dedic\u00f2 molte pagine al suo amore per lei, ma ci\u00f2 che soprattutto amava era l&#8217;oggetto che egli le indirizzava a ciascuna delle sue assenze. Era un oggetto con il quale tappava il buco dell\u2019amore, senza desiderio, ma un oggetto che non esisteva pi\u00f9 dato che, dopo la sua distruzione, ne parlava in termini patetici.<\/p>\n<p>E\u2019 con questo oggetto che si impegnava nell&#8217;amore per renderlo qualcosa di pi\u00f9 forte del tempo, puntando cos\u00ec all&#8217;eternit\u00e0: \u00ab\u00a0Nessuno pu\u00f2 sospettare cosa sia l&#8217;amore di un Uranista (omosessuale)&#8230; qualcosa di imbalsamato contro il tempo\u00a0\u00bb. <a href=\"#_edn6\" name=\"_ednref6\">[6]<\/a> Questa era una definizione dell&#8217;amore degna di un altro perch\u00e9 era all&#8217;altezza di ci\u00f2 che l&#8217;amore, materno o no, implica, cio\u00e8 essere una sfida contro il tempo \u2013 \u00ab Un amore che non si crede eterno \u00e8 odioso\u00bb. <a href=\"#_edn7\" name=\"_ednref7\">[7]<\/a><\/p>\n<p>Tradotto da Rachele Giuntoli<\/p>\n<p>Fotografia\u00a0: \u00a9Jean Fouquet<\/p>\n<p><a href=\"#_ednref1\" name=\"_edn1\">[1]<\/a> Freud S., <em>Trois essais sur la th\u00e9orie sexuelle<\/em> (1905), Paris, Gallimard, 1987, p. 165.<\/p>\n<p><a href=\"#_ednref2\" name=\"_edn2\">[2]<\/a> Miller J.-A., \u00ab\u00a0Introduction \u00e0 l\u2019\u00e9rotique du temps\u00a0\u00bb, <em>La Cause Freudienne,<\/em> n\u00b056, mars 2004, p. 78.<\/p>\n<p><a href=\"#_ednref3\" name=\"_edn3\">[3]<\/a> Miller\u00a0J.-A., \u00ab\u00a0L\u2019orientation lacanienne. Les divins d\u00e9tails \u00bb, enseignement prononc\u00e9 dans le cadre du d\u00e9partement de psychanalyse de l\u2019universit\u00e9 Paris VIII, cours du 8 mars 1989, in\u00e9dit.<\/p>\n<p><a href=\"#_ednref4\" name=\"_edn4\">[4]<\/a> Lacan J., <em>Le S\u00e9minaire<\/em>, livre x, <em>L\u2019Angoisse<\/em>, texte \u00e9tabli par J.-A.\u00a0Miller, Paris, Seuil, 2004, p.\u00a0194-198 et 269-270.<\/p>\n<p><a href=\"#_ednref5\" name=\"_edn5\">[5]<\/a> Roth P., <em>Le sein<\/em>, Paris, Gallimard, Folio, 1972, p. 59-60.<\/p>\n<p><a href=\"#_ednref6\" name=\"_edn6\">[6]<\/a> Schlumberger J., <em>Madeleine et Andr\u00e9 Gide<\/em>, Paris, Gallimard, 1956, p.\u00a0193, cit\u00e9 par J. Lacan, dans \u00ab\u00a0Jeunesse de Gide\u00a0\u00bb, <em>\u00c9crits,<\/em> Paris, Seuil 1966, p. 754.<\/p>\n<p><a href=\"#_ednref7\" name=\"_edn7\">[7]<\/a> Stendhal, cit\u00e9 par J.-A. Miller, \u00ab\u00a0Introduction \u00e0 l\u2019\u00e9rotique du temps\u00a0\u00bb, <em>op. cit.<\/em>, p. 72.<\/p>\n<\/div>","protected":false},"excerpt":{"rendered":"<p>\u00ab\u00a0Non senza ragione il lattante attaccato al petto della madre \u00e8 diventato il modello di ogni rapporto amoroso \u00bb [1] Freud nei suoi Tre Saggi d\u00e0 una definizione dell&#8217;amore che lo colloca al di fuori del tempo, poich\u00e9 trova il suo prototipo nel bambino al seno. Una tale figura \u00e8 senza tempo perch\u00e9 \u00e8 di [&hellip;]<\/p>\n","protected":false},"author":3,"featured_media":1380,"comment_status":"closed","ping_status":"closed","sticky":false,"template":"","format":"standard","meta":[],"categories":[123],"tags":[],"yoast_head":"<!-- This site is optimized with the Yoast SEO plugin v15.5 - https:\/\/yoast.com\/wordpress\/plugins\/seo\/ -->\n<title>Pi\u00f9 forte del tempo \u2013 Philippe Hellebois - Pipol10<\/title>\n<meta name=\"robots\" content=\"index, follow, max-snippet:-1, max-image-preview:large, max-video-preview:-1\" \/>\n<link rel=\"canonical\" href=\"https:\/\/pipol10.pipolcongres.eu\/it\/2021\/02\/04\/piu-forte-del-tempo-philippe-hellebois\/\" \/>\n<meta property=\"og:locale\" content=\"it_IT\" \/>\n<meta property=\"og:type\" content=\"article\" \/>\n<meta property=\"og:title\" content=\"Pi\u00f9 forte del tempo \u2013 Philippe Hellebois - Pipol10\" \/>\n<meta property=\"og:description\" content=\"\u00ab\u00a0Non senza ragione il lattante attaccato al petto della madre \u00e8 diventato il modello di ogni rapporto amoroso \u00bb [1] Freud nei suoi Tre Saggi d\u00e0 una definizione dell&#8217;amore che lo colloca al di fuori del tempo, poich\u00e9 trova il suo prototipo nel bambino al seno. Una tale figura \u00e8 senza tempo perch\u00e9 \u00e8 di [&hellip;]\" \/>\n<meta property=\"og:url\" content=\"https:\/\/pipol10.pipolcongres.eu\/it\/2021\/02\/04\/piu-forte-del-tempo-philippe-hellebois\/\" \/>\n<meta property=\"og:site_name\" content=\"Pipol10\" \/>\n<meta property=\"article:published_time\" content=\"2021-02-04T22:24:31+00:00\" \/>\n<meta property=\"article:modified_time\" content=\"2021-02-04T22:38:28+00:00\" \/>\n<meta property=\"og:image\" content=\"https:\/\/pipol10.pipolcongres.eu\/wp-content\/uploads\/2021\/02\/Hellebois-Fouquet-1140.jpg\" \/>\n\t<meta property=\"og:image:width\" content=\"1140\" \/>\n\t<meta property=\"og:image:height\" content=\"758\" \/>\n<meta name=\"twitter:card\" content=\"summary_large_image\" \/>\n<meta name=\"twitter:label1\" content=\"Tempo di lettura stimato\">\n\t<meta name=\"twitter:data1\" content=\"4 minuti\">\n<script type=\"application\/ld+json\" class=\"yoast-schema-graph\">{\"@context\":\"https:\/\/schema.org\",\"@graph\":[{\"@type\":\"WebSite\",\"@id\":\"https:\/\/pipol10.pipolcongres.eu\/#website\",\"url\":\"https:\/\/pipol10.pipolcongres.eu\/\",\"name\":\"Pipol10\",\"description\":\"Un site utilisant WordPress\",\"potentialAction\":[{\"@type\":\"SearchAction\",\"target\":\"https:\/\/pipol10.pipolcongres.eu\/?s={search_term_string}\",\"query-input\":\"required name=search_term_string\"}],\"inLanguage\":\"it-IT\"},{\"@type\":\"ImageObject\",\"@id\":\"https:\/\/pipol10.pipolcongres.eu\/it\/2021\/02\/04\/piu-forte-del-tempo-philippe-hellebois\/#primaryimage\",\"inLanguage\":\"it-IT\",\"url\":\"https:\/\/pipol10.pipolcongres.eu\/wp-content\/uploads\/2021\/02\/Hellebois-Fouquet-1140.jpg\",\"width\":1140,\"height\":758,\"caption\":\"\\u00a9Jean Fouquet\"},{\"@type\":\"WebPage\",\"@id\":\"https:\/\/pipol10.pipolcongres.eu\/it\/2021\/02\/04\/piu-forte-del-tempo-philippe-hellebois\/#webpage\",\"url\":\"https:\/\/pipol10.pipolcongres.eu\/it\/2021\/02\/04\/piu-forte-del-tempo-philippe-hellebois\/\",\"name\":\"Pi\\u00f9 forte del tempo \\u2013 Philippe Hellebois - Pipol10\",\"isPartOf\":{\"@id\":\"https:\/\/pipol10.pipolcongres.eu\/#website\"},\"primaryImageOfPage\":{\"@id\":\"https:\/\/pipol10.pipolcongres.eu\/it\/2021\/02\/04\/piu-forte-del-tempo-philippe-hellebois\/#primaryimage\"},\"datePublished\":\"2021-02-04T22:24:31+00:00\",\"dateModified\":\"2021-02-04T22:38:28+00:00\",\"author\":{\"@id\":\"https:\/\/pipol10.pipolcongres.eu\/#\/schema\/person\/f8cb217f45103fcb436f14acee2b5b9b\"},\"inLanguage\":\"it-IT\",\"potentialAction\":[{\"@type\":\"ReadAction\",\"target\":[\"https:\/\/pipol10.pipolcongres.eu\/it\/2021\/02\/04\/piu-forte-del-tempo-philippe-hellebois\/\"]}]},{\"@type\":\"Person\",\"@id\":\"https:\/\/pipol10.pipolcongres.eu\/#\/schema\/person\/f8cb217f45103fcb436f14acee2b5b9b\",\"name\":\"PIPOL TEAM\",\"image\":{\"@type\":\"ImageObject\",\"@id\":\"https:\/\/pipol10.pipolcongres.eu\/#personlogo\",\"inLanguage\":\"it-IT\",\"url\":\"https:\/\/secure.gravatar.com\/avatar\/0eb3136ac61cb005f2ca6aef466d1dda?s=96&d=mm&r=g\",\"caption\":\"PIPOL TEAM\"}}]}<\/script>\n<!-- \/ Yoast SEO plugin. -->","amp_validity":null,"amp_enabled":true,"_links":{"self":[{"href":"https:\/\/pipol10.pipolcongres.eu\/it\/wp-json\/wp\/v2\/posts\/1384"}],"collection":[{"href":"https:\/\/pipol10.pipolcongres.eu\/it\/wp-json\/wp\/v2\/posts"}],"about":[{"href":"https:\/\/pipol10.pipolcongres.eu\/it\/wp-json\/wp\/v2\/types\/post"}],"author":[{"embeddable":true,"href":"https:\/\/pipol10.pipolcongres.eu\/it\/wp-json\/wp\/v2\/users\/3"}],"replies":[{"embeddable":true,"href":"https:\/\/pipol10.pipolcongres.eu\/it\/wp-json\/wp\/v2\/comments?post=1384"}],"version-history":[{"count":3,"href":"https:\/\/pipol10.pipolcongres.eu\/it\/wp-json\/wp\/v2\/posts\/1384\/revisions"}],"predecessor-version":[{"id":1391,"href":"https:\/\/pipol10.pipolcongres.eu\/it\/wp-json\/wp\/v2\/posts\/1384\/revisions\/1391"}],"wp:featuredmedia":[{"embeddable":true,"href":"https:\/\/pipol10.pipolcongres.eu\/it\/wp-json\/wp\/v2\/media\/1380"}],"wp:attachment":[{"href":"https:\/\/pipol10.pipolcongres.eu\/it\/wp-json\/wp\/v2\/media?parent=1384"}],"wp:term":[{"taxonomy":"category","embeddable":true,"href":"https:\/\/pipol10.pipolcongres.eu\/it\/wp-json\/wp\/v2\/categories?post=1384"},{"taxonomy":"post_tag","embeddable":true,"href":"https:\/\/pipol10.pipolcongres.eu\/it\/wp-json\/wp\/v2\/tags?post=1384"}],"curies":[{"name":"wp","href":"https:\/\/api.w.org\/{rel}","templated":true}]}}