{"id":2136,"date":"2021-03-25T22:36:37","date_gmt":"2021-03-25T21:36:37","guid":{"rendered":"https:\/\/pipol10.pipolcongres.eu\/2021\/03\/25\/acte-de-naissance-nicolas-moyson\/"},"modified":"2021-03-25T22:52:27","modified_gmt":"2021-03-25T21:52:27","slug":"atto-di-nascita-nicolas-moyson","status":"publish","type":"post","link":"https:\/\/pipol10.pipolcongres.eu\/it\/2021\/03\/25\/atto-di-nascita-nicolas-moyson\/","title":{"rendered":"\u00ab Atto di nascita \u00bb \u2013 Nicolas Moyson"},"content":{"rendered":"<div class=\"pf-content\"><p>Donare la vita, fondare una famiglia, avere un bambino comportano, per il soggetto che ci investe il suo desiderio, una \u00ab\u00a0mutazione soggettiva <a href=\"#_edn1\" name=\"_ednref1\">[1]<\/a>\u00a0\u00bb. L\u2019atto che ci\u00f2 costituisce, ci dice Jacques-Alain Miller, se \u00e8 \u00ab\u00a0vero nel senso di Lacan [pu\u00f2 essere considerato come] un \u00ab suicidio del soggetto\u00a0<a href=\"#_edn2\" name=\"_ednref2\">[2]<\/a>\u00a0\u00bb da mettere \u00ab tra virgolette per indicare che pu\u00f2 rinascere, ma ne rinasce in maniera differente <a href=\"#_edn3\" name=\"_ednref3\">[3]<\/a>\u00a0\u00bb. Il soggetto rinasce altro, ed \u00e8 a questo titolo che il suo atto assume lo statuto di un dire. Non s\u2019iscrive come una continuit\u00e0 di un pensiero, ma come una discontinuit\u00e0, come un oltrepassamento di questo stesso registro. Mira \u00ab\u00a0il cuore dell\u2019essere : il godimento <a href=\"#_edn4\" name=\"_ednref4\">[4]<\/a>\u00a0\u00bb. La responsabilit\u00e0 che ci\u00f2 implica \u00ab\u00a0non riposa su di una padronanza ma sul desiderio<a href=\"#_edn5\" name=\"_ednref5\">[5]<\/a>\u00a0\u00bb. Non si fonda su di un sapere ragionevole ma sulla scommessa di una parte di s\u00e9 che pu\u00f2 esperirsi con un \u00ab\u00a0sentimento di rischio assoluto <a href=\"#_edn6\" name=\"_ednref6\">[6]<\/a>\u00a0\u00bb.<\/p>\n<p>L\u2019etica della psicoanalisi \u00e8 un etica dell\u2019atto in quanto si basa sul desiderio ed il godimento al cuore dell\u2019essere del soggetto. Si tratta dunque di un\u2019etica del \u00ab\u00a0uno ad uno\u00a0\u00bb, in quanto questa \u00e8 sostenuta dal desiderio dell\u2019analista, che mira la differenza assoluta, il punto di solitudine e di singolarit\u00e0 originaria e vivificante al cuore dell\u2019essere d\u2019un soggetto. A questo titolo, come lo ricordava recentemente Clotilde Leguil su France Culture, la psicoanalisi pu\u00f2 essere intesa come una pratica che \u00ab\u00a0fa avverare la vita attraverso le parole <a href=\"#_edn7\" name=\"_ednref7\">[7]<\/a>\u00a0\u00bb.<\/p>\n<p>Ognuno dei testi di questo nuovo numero di Ombilic ci fa scorgere, a modo suo, l\u2019etica della cura analitica. Ognuno dei suoi contributi propone un\u2019orientamento verso quella che sarebbe un\u2019assunzione di questa parte vivente nel soggetto da parte del medesimo, e ci\u00f2 indipendentemente dalla sua possibile declinazione ulteriore nel desiderio di avere figli.<\/p>\n<p>Al polo opposto di tale dominio etico, potrete scoprire l\u2019attualit\u00e0 della crescente mercificazione del dono dell\u2019ovulo di cui C\u00e9line Gauthier <a href=\"#_edn8\" name=\"_ednref8\">[8]<\/a> denuncia le insidie e le derive attraverso l\u2019intervista che ha concesso all\u2019\u00e9quipe di PIPOL 10.<\/p>\n<p>Buona lettura e buona scoperta\u00a0!<\/p>\n<p>&nbsp;<\/p>\n<p style=\"text-align: right;\"><em>Traduction vers l\u2019italien: Alessio Catav\u00e8re<\/em><\/p>\n<p style=\"text-align: right;\"><em>Riletto: Elena Madera<\/em><\/p>\n<p style=\"text-align: right;\"><em>Fotografia: <\/em><em>\u00a9<\/em><em>Laporte Fran\u00e7oise<\/em>: <a href=\"https:\/\/www.francoiselaporte.com\/\">https:\/\/www.francoiselaporte.com\/<\/a><\/p>\n<p>&nbsp;<\/p>\n<h3><a href=\"https:\/\/pipol10.pipolcongres.eu\/wp-content\/uploads\/2021\/01\/Bibliography.pdf\">Bibliografia<\/a><\/h3>\n<p><a href=\"https:\/\/pipol10.pipolcongres.eu\/wp-content\/uploads\/2021\/01\/Bibliography.pdf\">\u00ab\u00a0Un uomo non diviene padre che alla condizione di consentire al non-tutto che fa la struttura del desiderio femminile.\u00a0\u00bb<\/a> (Traduzione libera)<\/p>\n<p>Miller J.-A., \u00ab\u00a0L\u2019enfant et l\u2019objet\u00a0\u00bb, intervento al congresso di Losanna intitolato \u201c L\u2019enfant entre la m\u00e8re et la femme \u201c, 1996, pubblicato in <em>La petite girafe<\/em>, n\u00b018, 2003, p. 10.<\/p>\n<p>&nbsp;<\/p>\n<p><a href=\"#_ednref1\" name=\"_edn1\">[1]<\/a> Miller J.-A., (1988),\u00a0Jacques Lacan.\u00a0Osservazioni sul suo concetto di passaggio all\u2019atto, in Id.,\u00a0I paradigmi del godimento, Roma, Astrolabio, 2001.<\/p>\n<p><a href=\"#_ednref2\" name=\"_edn2\">[2]<\/a> <em>Ibid<\/em>.<\/p>\n<p><a href=\"#_ednref3\" name=\"_edn3\">[3]<\/a> <em>Ibid.<\/em><\/p>\n<p><a href=\"#_ednref4\" name=\"_edn4\">[4]<\/a> <em>Ibid<\/em>.<\/p>\n<p><a href=\"#_ednref5\" name=\"_edn5\">[5]<\/a> Leguil Cl., <em>C\u00e9der n\u2019est pas consentir<\/em>, Paris, PUF, 2021, p. 34.<\/p>\n<p><a href=\"#_ednref6\" name=\"_edn6\">[6]<\/a> <em>Ibid.<\/em>, p. 33.<\/p>\n<p><a href=\"#_ednref7\" name=\"_edn7\">[7]<\/a> Cf. Intervento de Clotilde Leguil su France Culture per il programma <em>Les Chemins de la philosophie<\/em>, in un numero intitolato \u00ab\u00a0L\u2019ut\u00e9rus sur le divan\u00a0\u00bb trasmesso il 2 marzo 2021. Disponibile su <a href=\"https:\/\/www.franceculture.fr\/emissions\/les-chemins-de-la-philosophie\/les-chemins-de-la-philosophie-emission-du-mardi-02-mars-2021\">internet<\/a>.<\/p>\n<p><a href=\"#_ednref8\" name=\"_edn8\">[8]<\/a> C\u00e9line Gauthier \u00e8 giornalista, co-fondatrice del trimestrale di ricerca e di narrazione <em>M\u00e9dor<\/em> et autrice dell\u2019articolo \u00ab\u00a0La macul\u00e9e conception. Ces b\u00e9b\u00e9s belges issus du business des ovules espagnols\u00a0\u00bb disponibile su Internet\u00a0: <a href=\"https:\/\/medor.coop\/magazines\/medor-2-spring-2016\/business-ovocytes-ovules-espagne\/?full=1\">https:\/\/medor.coop\/magazines\/medor-2-spring-2016\/business-ovocytes-ovules-espagne\/?full=1<\/a><\/p>\n<\/div>","protected":false},"excerpt":{"rendered":"<p>Donare la vita, fondare una famiglia, avere un bambino comportano, per il soggetto che ci investe il suo desiderio, una \u00ab\u00a0mutazione soggettiva [1]\u00a0\u00bb. L\u2019atto che ci\u00f2 costituisce, ci dice Jacques-Alain Miller, se \u00e8 \u00ab\u00a0vero nel senso di Lacan [pu\u00f2 essere considerato come] un \u00ab suicidio del soggetto\u00a0[2]\u00a0\u00bb da mettere \u00ab tra virgolette per indicare che [&hellip;]<\/p>\n","protected":false},"author":3,"featured_media":2098,"comment_status":"closed","ping_status":"closed","sticky":false,"template":"","format":"standard","meta":[],"categories":[84],"tags":[],"yoast_head":"<!-- This site is optimized with the Yoast SEO plugin v15.5 - https:\/\/yoast.com\/wordpress\/plugins\/seo\/ -->\n<title>\u00ab Atto di nascita \u00bb \u2013 Nicolas Moyson - Pipol10<\/title>\n<meta name=\"robots\" content=\"index, follow, max-snippet:-1, max-image-preview:large, max-video-preview:-1\" \/>\n<link rel=\"canonical\" href=\"https:\/\/pipol10.pipolcongres.eu\/it\/2021\/03\/25\/atto-di-nascita-nicolas-moyson\/\" \/>\n<meta property=\"og:locale\" content=\"it_IT\" \/>\n<meta property=\"og:type\" content=\"article\" \/>\n<meta property=\"og:title\" content=\"\u00ab Atto di nascita \u00bb \u2013 Nicolas Moyson - Pipol10\" \/>\n<meta property=\"og:description\" content=\"Donare la vita, fondare una famiglia, avere un bambino comportano, per il soggetto che ci investe il suo desiderio, una \u00ab\u00a0mutazione soggettiva [1]\u00a0\u00bb. L\u2019atto che ci\u00f2 costituisce, ci dice Jacques-Alain Miller, se \u00e8 \u00ab\u00a0vero nel senso di Lacan [pu\u00f2 essere considerato come] un \u00ab suicidio del soggetto\u00a0[2]\u00a0\u00bb da mettere \u00ab tra virgolette per indicare che [&hellip;]\" \/>\n<meta property=\"og:url\" content=\"https:\/\/pipol10.pipolcongres.eu\/it\/2021\/03\/25\/atto-di-nascita-nicolas-moyson\/\" \/>\n<meta property=\"og:site_name\" content=\"Pipol10\" \/>\n<meta property=\"article:published_time\" content=\"2021-03-25T21:36:37+00:00\" \/>\n<meta property=\"article:modified_time\" content=\"2021-03-25T21:52:27+00:00\" \/>\n<meta property=\"og:image\" content=\"https:\/\/pipol10.pipolcongres.eu\/wp-content\/uploads\/2021\/03\/Moyson.Laporte-1140.jpg\" \/>\n\t<meta property=\"og:image:width\" content=\"1140\" \/>\n\t<meta property=\"og:image:height\" content=\"760\" \/>\n<meta name=\"twitter:card\" content=\"summary_large_image\" \/>\n<meta name=\"twitter:label1\" content=\"Tempo di lettura stimato\">\n\t<meta name=\"twitter:data1\" content=\"2 minuti\">\n<script type=\"application\/ld+json\" class=\"yoast-schema-graph\">{\"@context\":\"https:\/\/schema.org\",\"@graph\":[{\"@type\":\"WebSite\",\"@id\":\"https:\/\/pipol10.pipolcongres.eu\/#website\",\"url\":\"https:\/\/pipol10.pipolcongres.eu\/\",\"name\":\"Pipol10\",\"description\":\"Un site utilisant WordPress\",\"potentialAction\":[{\"@type\":\"SearchAction\",\"target\":\"https:\/\/pipol10.pipolcongres.eu\/?s={search_term_string}\",\"query-input\":\"required name=search_term_string\"}],\"inLanguage\":\"it-IT\"},{\"@type\":\"ImageObject\",\"@id\":\"https:\/\/pipol10.pipolcongres.eu\/it\/2021\/03\/25\/atto-di-nascita-nicolas-moyson\/#primaryimage\",\"inLanguage\":\"it-IT\",\"url\":\"https:\/\/pipol10.pipolcongres.eu\/wp-content\/uploads\/2021\/03\/Moyson.Laporte-1140.jpg\",\"width\":1140,\"height\":760,\"caption\":\"\\u00a9Fran\\u00e7oise Laporte - https:\/\/www.francoiselaporte.com\/\"},{\"@type\":\"WebPage\",\"@id\":\"https:\/\/pipol10.pipolcongres.eu\/it\/2021\/03\/25\/atto-di-nascita-nicolas-moyson\/#webpage\",\"url\":\"https:\/\/pipol10.pipolcongres.eu\/it\/2021\/03\/25\/atto-di-nascita-nicolas-moyson\/\",\"name\":\"\\u00ab Atto di nascita \\u00bb \\u2013 Nicolas Moyson - Pipol10\",\"isPartOf\":{\"@id\":\"https:\/\/pipol10.pipolcongres.eu\/#website\"},\"primaryImageOfPage\":{\"@id\":\"https:\/\/pipol10.pipolcongres.eu\/it\/2021\/03\/25\/atto-di-nascita-nicolas-moyson\/#primaryimage\"},\"datePublished\":\"2021-03-25T21:36:37+00:00\",\"dateModified\":\"2021-03-25T21:52:27+00:00\",\"author\":{\"@id\":\"https:\/\/pipol10.pipolcongres.eu\/#\/schema\/person\/f8cb217f45103fcb436f14acee2b5b9b\"},\"inLanguage\":\"it-IT\",\"potentialAction\":[{\"@type\":\"ReadAction\",\"target\":[\"https:\/\/pipol10.pipolcongres.eu\/it\/2021\/03\/25\/atto-di-nascita-nicolas-moyson\/\"]}]},{\"@type\":\"Person\",\"@id\":\"https:\/\/pipol10.pipolcongres.eu\/#\/schema\/person\/f8cb217f45103fcb436f14acee2b5b9b\",\"name\":\"PIPOL TEAM\",\"image\":{\"@type\":\"ImageObject\",\"@id\":\"https:\/\/pipol10.pipolcongres.eu\/#personlogo\",\"inLanguage\":\"it-IT\",\"url\":\"https:\/\/secure.gravatar.com\/avatar\/0eb3136ac61cb005f2ca6aef466d1dda?s=96&d=mm&r=g\",\"caption\":\"PIPOL TEAM\"}}]}<\/script>\n<!-- \/ Yoast SEO plugin. -->","amp_validity":null,"amp_enabled":true,"_links":{"self":[{"href":"https:\/\/pipol10.pipolcongres.eu\/it\/wp-json\/wp\/v2\/posts\/2136"}],"collection":[{"href":"https:\/\/pipol10.pipolcongres.eu\/it\/wp-json\/wp\/v2\/posts"}],"about":[{"href":"https:\/\/pipol10.pipolcongres.eu\/it\/wp-json\/wp\/v2\/types\/post"}],"author":[{"embeddable":true,"href":"https:\/\/pipol10.pipolcongres.eu\/it\/wp-json\/wp\/v2\/users\/3"}],"replies":[{"embeddable":true,"href":"https:\/\/pipol10.pipolcongres.eu\/it\/wp-json\/wp\/v2\/comments?post=2136"}],"version-history":[{"count":2,"href":"https:\/\/pipol10.pipolcongres.eu\/it\/wp-json\/wp\/v2\/posts\/2136\/revisions"}],"predecessor-version":[{"id":2142,"href":"https:\/\/pipol10.pipolcongres.eu\/it\/wp-json\/wp\/v2\/posts\/2136\/revisions\/2142"}],"wp:featuredmedia":[{"embeddable":true,"href":"https:\/\/pipol10.pipolcongres.eu\/it\/wp-json\/wp\/v2\/media\/2098"}],"wp:attachment":[{"href":"https:\/\/pipol10.pipolcongres.eu\/it\/wp-json\/wp\/v2\/media?parent=2136"}],"wp:term":[{"taxonomy":"category","embeddable":true,"href":"https:\/\/pipol10.pipolcongres.eu\/it\/wp-json\/wp\/v2\/categories?post=2136"},{"taxonomy":"post_tag","embeddable":true,"href":"https:\/\/pipol10.pipolcongres.eu\/it\/wp-json\/wp\/v2\/tags?post=2136"}],"curies":[{"name":"wp","href":"https:\/\/api.w.org\/{rel}","templated":true}]}}