{"id":2496,"date":"2021-04-29T23:38:51","date_gmt":"2021-04-29T21:38:51","guid":{"rendered":"https:\/\/pipol10.pipolcongres.eu\/2021\/04\/29\/mysteres-de-lorigine-carina-arantes-faria\/"},"modified":"2021-04-29T23:48:15","modified_gmt":"2021-04-29T21:48:15","slug":"misteri-dellorigine-carina-arantes-faria","status":"publish","type":"post","link":"https:\/\/pipol10.pipolcongres.eu\/it\/2021\/04\/29\/misteri-dellorigine-carina-arantes-faria\/","title":{"rendered":"Misteri dell\u2019origine \u2013 Carina Arantes Faria"},"content":{"rendered":"<div class=\"pf-content\"><p>Il numero 13 di Ombilic ci invita a una nuova passeggiata intorno all\u2019inafferrabile mistero dell\u2019origine e del predicato del (non) desiderio di figli e di famiglia.<\/p>\n<p>Questo mi ha riportata a <em>Cafarnao, <\/em>un film di Nadine Labaki apparso nel 2018.<\/p>\n<p>Il piccolo Zain \u00e8 un ragazzo di 12 anni che vive per le strade di Beirut, tra accattonaggio e criminalit\u00e0. Il film si apre con una scena in un tribunale dove Zain dice al giudice : \u00ab\u00a0<em>voglio presentare una denuncia contro i miei genitori per avermi messo al mondo\u00a0!<\/em>\u00a0\u00bb<\/p>\n<p>Ecco la questione elementare che ci accompagna durante tutto il film. Il film nasce dal desiderio di Labaki di osservare e conoscere l&#8217;intimit\u00e0 della vita dei bambini di strada nella capitale del Libano, dove ha trovato il protagonista di questa finzione, ancorato a questa realt\u00e0.<\/p>\n<p>Zain non ha documenti. Vive con i suoi genitori e i loro numerosi figli in una baraccopoli. I bambini non vanno a scuola e devono lottare per sopravvivere alla violenza e alla precariet\u00e0 della loro esistenza.<\/p>\n<p>Privato dalla previsione dell&#8217;essere che l&#8217;Altro avrebbe dovuto dargli, Zain agisce alla ricerca della sua esistenza, commette un delitto d&#8217;onore &#8211; vendica sua sorella &#8211; e conduce dalla prigione un processo contro i suoi genitori. Un appello alla giustizia per occupare il suo desiderio di avere un posto non-anonimo nel mondo.<\/p>\n<p>All\u2019et\u00e0 in cui la scienza ci d\u00e0 la possibilit\u00e0 &#8211; e la libert\u00e0 &#8211; di prevedere (quasi) tutto, l&#8217;origine rimane un mistero per il soggetto, qualcosa di inafferrabile: la contingenza di cui dovr\u00e0 appropriarsi e cavarsela di fronte al reale senza legge e all&#8217;impossibile &#8211; come ci dice Laurent<a href=\"#_edn1\" name=\"_ednref1\">[1]<\/a> &#8211; di essere causa di se stessi.<\/p>\n<p>Tra i tre testi di questo numero, Ros McCarthy articola il mistero dell&#8217;origine a questo punto del reale che costituisce ogni desiderio di una famiglia e di un figlio. Di quale sintomo il soggetto \u00e8 il risultato ? Di quale desiderio, di quale godimento ? Il punto del reale che costituisce l&#8217;origine rimane inafferrabile.<\/p>\n<p>L\u2019intervista con il ginecologo e psicoanalista Jean Reboul ci invita a conoscere la clinica dell\u2019infertilit\u00e0\u00a0a partire dalla sua pratica che apre all\u2019incontro del reale \u2013 per ogni soggetto &#8211; la possibilit\u00e0 di un appuntamento con il desiderio.<\/p>\n<p>Aur\u00e9lie-Flore Pascal ci invita ad un\u2019altra sessione cinematografica con il suo commento preciso e delicato del film <em>\u00ab\u00a017 Ragazze\u00a0\u00bb<\/em>\u00a0: <em>\u00ab\u00a0A ciascUna la sua r\u00e9son\u00a0\u00bb.<\/em><\/p>\n<p>Il video di questa edizione ci fa scoprire il documentario \u00ab\u00a0La piazza dell\u2019uomo\u00a0\u00bb attraverso l\u2019intervista con la realizzatrice Coline Grando. Il suo lavoro d\u00e0 spazio all&#8217;enunciazione non-anonima di uomini che si posizionano in relazione al loro desiderio di figli \u00a0tramite la domanda dell&#8217;aborto. Un momento inedito e sconvolgente !<\/p>\n<p>In Cafarnao il padre di Zain dice al giudice che per essere un uomo doveva avere dei figli. Nel suo documentario Coline Grando d\u00e0 agli uomini la possibilit\u00e0 di scegliere\u00a0!<\/p>\n<p>Buona avventura\u00a0!<\/p>\n<p>&nbsp;<\/p>\n<p style=\"text-align: right;\">Fotografia: \u00a9Nathalie Crame<\/p>\n<h3><a href=\"https:\/\/pipol10.pipolcongres.eu\/wp-content\/uploads\/2021\/04\/Bibliography-2.pdf\">Bibliografia<\/a><\/h3>\n<p>BROUSSE, M.-H., \u00ab\u00a0<em>Un n\u00e9ologisme d\u2019actualit\u00e9\u00a0: la parentalit\u00e9<\/em>\u00a0\u00bb, La cause freudienne, n.60, 2005, pp.122.<\/p>\n<p><a href=\"https:\/\/pipol10.pipolcongres.eu\/wp-content\/uploads\/2021\/04\/Bibliography-2.pdf\">\u00ab\u00a0Con Lacan, si pu\u00f2 dire che si tratta ormai della dittatura del pi\u00f9-di-godere, e questo termine di dittatura \u00e8 abbastanza appropriato per caratterizzare la relazione che sempre pi\u00f9 genitori intrattengono con il loro bambino. C&#8217;\u00e8 un&#8217;industria di cose infantili ; l&#8217;infanzia richiede un consumo particolare. C&#8217;\u00e8 uno stile di vita collegato al fatto di crescere dei bambini. La prova di questa dittatura del bambino come stile di vita \u00e8 data dal fatto che molti soggetti non si impegnano nella genitorialit\u00e0 senza ambivalenza, temendo il dominio del bambino sulle loro altre modalit\u00e0 di godere. \u00bb<\/a><\/p>\n<p>&nbsp;<\/p>\n<p><a href=\"#_ednref1\" name=\"_edn1\">[1]<\/a> Laurent, E. \u00ab\u00a0<em>Prot\u00e9ger l\u2019enfant du d\u00e9lire familial\u00a0<\/em>\u00bb, <em>La Petite Girafe<\/em>, n\u00b029, avril 2009, p.7.<\/p>\n<\/div>","protected":false},"excerpt":{"rendered":"<p>Il numero 13 di Ombilic ci invita a una nuova passeggiata intorno all\u2019inafferrabile mistero dell\u2019origine e del predicato del (non) desiderio di figli e di famiglia. Questo mi ha riportata a Cafarnao, un film di Nadine Labaki apparso nel 2018. Il piccolo Zain \u00e8 un ragazzo di 12 anni che vive per le strade di [&hellip;]<\/p>\n","protected":false},"author":3,"featured_media":2488,"comment_status":"closed","ping_status":"closed","sticky":false,"template":"","format":"standard","meta":[],"categories":[84],"tags":[],"yoast_head":"<!-- This site is optimized with the Yoast SEO plugin v15.5 - https:\/\/yoast.com\/wordpress\/plugins\/seo\/ -->\n<title>Misteri dell\u2019origine \u2013 Carina Arantes Faria - Pipol10<\/title>\n<meta name=\"robots\" content=\"index, follow, max-snippet:-1, max-image-preview:large, max-video-preview:-1\" \/>\n<link rel=\"canonical\" href=\"https:\/\/pipol10.pipolcongres.eu\/it\/2021\/04\/29\/misteri-dellorigine-carina-arantes-faria\/\" \/>\n<meta property=\"og:locale\" content=\"it_IT\" \/>\n<meta property=\"og:type\" content=\"article\" \/>\n<meta property=\"og:title\" content=\"Misteri dell\u2019origine \u2013 Carina Arantes Faria - Pipol10\" \/>\n<meta property=\"og:description\" content=\"Il numero 13 di Ombilic ci invita a una nuova passeggiata intorno all\u2019inafferrabile mistero dell\u2019origine e del predicato del (non) desiderio di figli e di famiglia. Questo mi ha riportata a Cafarnao, un film di Nadine Labaki apparso nel 2018. Il piccolo Zain \u00e8 un ragazzo di 12 anni che vive per le strade di [&hellip;]\" \/>\n<meta property=\"og:url\" content=\"https:\/\/pipol10.pipolcongres.eu\/it\/2021\/04\/29\/misteri-dellorigine-carina-arantes-faria\/\" \/>\n<meta property=\"og:site_name\" content=\"Pipol10\" \/>\n<meta property=\"article:published_time\" content=\"2021-04-29T21:38:51+00:00\" \/>\n<meta property=\"article:modified_time\" content=\"2021-04-29T21:48:15+00:00\" \/>\n<meta property=\"og:image\" content=\"https:\/\/pipol10.pipolcongres.eu\/wp-content\/uploads\/2021\/04\/Faria-Crame-1140.jpg\" \/>\n\t<meta property=\"og:image:width\" content=\"1140\" \/>\n\t<meta property=\"og:image:height\" content=\"760\" \/>\n<meta name=\"twitter:card\" content=\"summary_large_image\" \/>\n<meta name=\"twitter:label1\" content=\"Tempo di lettura stimato\">\n\t<meta name=\"twitter:data1\" content=\"2 minuti\">\n<script type=\"application\/ld+json\" class=\"yoast-schema-graph\">{\"@context\":\"https:\/\/schema.org\",\"@graph\":[{\"@type\":\"WebSite\",\"@id\":\"https:\/\/pipol10.pipolcongres.eu\/#website\",\"url\":\"https:\/\/pipol10.pipolcongres.eu\/\",\"name\":\"Pipol10\",\"description\":\"Un site utilisant WordPress\",\"potentialAction\":[{\"@type\":\"SearchAction\",\"target\":\"https:\/\/pipol10.pipolcongres.eu\/?s={search_term_string}\",\"query-input\":\"required name=search_term_string\"}],\"inLanguage\":\"it-IT\"},{\"@type\":\"ImageObject\",\"@id\":\"https:\/\/pipol10.pipolcongres.eu\/it\/2021\/04\/29\/misteri-dellorigine-carina-arantes-faria\/#primaryimage\",\"inLanguage\":\"it-IT\",\"url\":\"https:\/\/pipol10.pipolcongres.eu\/wp-content\/uploads\/2021\/04\/Faria-Crame-1140.jpg\",\"width\":1140,\"height\":760,\"caption\":\"\\u00a9Nathalie Crame\"},{\"@type\":\"WebPage\",\"@id\":\"https:\/\/pipol10.pipolcongres.eu\/it\/2021\/04\/29\/misteri-dellorigine-carina-arantes-faria\/#webpage\",\"url\":\"https:\/\/pipol10.pipolcongres.eu\/it\/2021\/04\/29\/misteri-dellorigine-carina-arantes-faria\/\",\"name\":\"Misteri dell\\u2019origine \\u2013 Carina Arantes Faria - Pipol10\",\"isPartOf\":{\"@id\":\"https:\/\/pipol10.pipolcongres.eu\/#website\"},\"primaryImageOfPage\":{\"@id\":\"https:\/\/pipol10.pipolcongres.eu\/it\/2021\/04\/29\/misteri-dellorigine-carina-arantes-faria\/#primaryimage\"},\"datePublished\":\"2021-04-29T21:38:51+00:00\",\"dateModified\":\"2021-04-29T21:48:15+00:00\",\"author\":{\"@id\":\"https:\/\/pipol10.pipolcongres.eu\/#\/schema\/person\/f8cb217f45103fcb436f14acee2b5b9b\"},\"inLanguage\":\"it-IT\",\"potentialAction\":[{\"@type\":\"ReadAction\",\"target\":[\"https:\/\/pipol10.pipolcongres.eu\/it\/2021\/04\/29\/misteri-dellorigine-carina-arantes-faria\/\"]}]},{\"@type\":\"Person\",\"@id\":\"https:\/\/pipol10.pipolcongres.eu\/#\/schema\/person\/f8cb217f45103fcb436f14acee2b5b9b\",\"name\":\"PIPOL TEAM\",\"image\":{\"@type\":\"ImageObject\",\"@id\":\"https:\/\/pipol10.pipolcongres.eu\/#personlogo\",\"inLanguage\":\"it-IT\",\"url\":\"https:\/\/secure.gravatar.com\/avatar\/0eb3136ac61cb005f2ca6aef466d1dda?s=96&d=mm&r=g\",\"caption\":\"PIPOL TEAM\"}}]}<\/script>\n<!-- \/ Yoast SEO plugin. -->","amp_validity":null,"amp_enabled":true,"_links":{"self":[{"href":"https:\/\/pipol10.pipolcongres.eu\/it\/wp-json\/wp\/v2\/posts\/2496"}],"collection":[{"href":"https:\/\/pipol10.pipolcongres.eu\/it\/wp-json\/wp\/v2\/posts"}],"about":[{"href":"https:\/\/pipol10.pipolcongres.eu\/it\/wp-json\/wp\/v2\/types\/post"}],"author":[{"embeddable":true,"href":"https:\/\/pipol10.pipolcongres.eu\/it\/wp-json\/wp\/v2\/users\/3"}],"replies":[{"embeddable":true,"href":"https:\/\/pipol10.pipolcongres.eu\/it\/wp-json\/wp\/v2\/comments?post=2496"}],"version-history":[{"count":2,"href":"https:\/\/pipol10.pipolcongres.eu\/it\/wp-json\/wp\/v2\/posts\/2496\/revisions"}],"predecessor-version":[{"id":2503,"href":"https:\/\/pipol10.pipolcongres.eu\/it\/wp-json\/wp\/v2\/posts\/2496\/revisions\/2503"}],"wp:featuredmedia":[{"embeddable":true,"href":"https:\/\/pipol10.pipolcongres.eu\/it\/wp-json\/wp\/v2\/media\/2488"}],"wp:attachment":[{"href":"https:\/\/pipol10.pipolcongres.eu\/it\/wp-json\/wp\/v2\/media?parent=2496"}],"wp:term":[{"taxonomy":"category","embeddable":true,"href":"https:\/\/pipol10.pipolcongres.eu\/it\/wp-json\/wp\/v2\/categories?post=2496"},{"taxonomy":"post_tag","embeddable":true,"href":"https:\/\/pipol10.pipolcongres.eu\/it\/wp-json\/wp\/v2\/tags?post=2496"}],"curies":[{"name":"wp","href":"https:\/\/api.w.org\/{rel}","templated":true}]}}