{"id":2596,"date":"2021-05-07T00:15:11","date_gmt":"2021-05-06T22:15:11","guid":{"rendered":"https:\/\/pipol10.pipolcongres.eu\/2021\/05\/07\/un-enfant-se-veut-il-jean-pierre-klotz\/"},"modified":"2021-05-08T11:44:41","modified_gmt":"2021-05-08T09:44:41","slug":"un-figlio-si-vuole-jean-pierre-klotz","status":"publish","type":"post","link":"https:\/\/pipol10.pipolcongres.eu\/it\/2021\/05\/07\/un-figlio-si-vuole-jean-pierre-klotz\/","title":{"rendered":"Un figlio si vuole? \u2013 Jean-Pierre Klotz"},"content":{"rendered":"<div class=\"pf-content\"><p>Ecco un titolo che si vuole, per una volta, inatteso! Ma la risposta immediata non pu\u00f2 che essere \u00ab no! \u00bb.<\/p>\n<p>Un figlio non pu\u00f2 volersi, a priori, prodotto detto del \u00abdesiderio dei genitori\u00bb, che si trova ad esercitarsi in un preteso intervallo, \u00ab tra \u00bb (i genitori, i partner, i significanti) fatto di divisioni, soggettive e separatrici, di cui questo desiderio sarebbe il quoziente, se si prende questa divisione come l\u2019operazione aritmetica che riguarda due termini e ne produce uno, o una serie. Ma anche, divisione di cui il figlio si trova a potere (e non a dovere ,nessuna implicazione) essere del resto, estratto come un oggetto.<\/p>\n<p>Questo bambino, prodotto contingente, si trova dunque senza necessit\u00e0 di nascita a partire dal doppio incontro che vi ha presieduto, quello dei corpi e quello dei gameti. Dovr\u00e0 constituirsi nel mondo, senza potersi appoggiare su un qualche \u00abvolersi\u00bb se stesso! Di che fare qui eco ad un \u201cautorizzarsi da se stesso\u201d, che non c\u2019\u00e8, se non come impossibile !\u00a0Detto altrimenti, di sfuggita, non si nasce psicoanalista!<\/p>\n<p>Questo incontro dei corpi non incontra le vie di una soggettivazione se non attraverso il racconto che se ne fa, nel campo della parola e del linguaggio. Il resto, sopra evocato, \u00e8 non meno esposto a questa strutturazione. Non si pu\u00f2 dedurre che come resto dell\u2019operazione, non meno\u00a0!<\/p>\n<p>Un bambino, cio\u00e8 un nuovo soggetto, non si inserisce nel processo del \u00abvolere\u00bb dei suoi genitori se non come \u00abaccomodamento dei resti\u00bb, anche se si presume ne sia la mira. Questo apporta nell\u2019esperienza psicoanalitica, consegnataci da Lacan con Freud, un nome centrale e cardine, che non fa sfumare i resti, ossia il sintomo.<\/p>\n<p>Il <em>sintomo del bambino<\/em>, \u00e8 cos\u00ec che Lacan lo istituisce, nella sua <em>Nota sul bambino <\/em>a Jenny Aubry <a href=\"#_edn1\" name=\"_ednref1\">[1]<\/a>, lo mette in atto . Non \u00e8 senza il sintomo che si pu\u00f2 prendere in considerazione un bambino sulla base di un volere, sintomo dei genitori a \u00a0vari titoli .Ma sintomo di se stesso? Da qui la mia domanda iniziale.<\/p>\n<p>Un sintomo si \u00abvuole\u00bb? Non va da s\u00e9, n\u00e9 senza che ce ne sia! Esso suppone un annodamento, una coalescenza, un legame che separa, un <em>apr\u00e8s-coup<\/em>. Il legame di filiazione \u00e8 tradizionalmente in carico al padre e alla sua funzione, cio\u00e8 al Nome-del-Padre, anche se uno ne fa a meno, se ne serve, per parafrasare Lacan <a href=\"#_edn2\" name=\"_ednref2\">[2]<\/a>. Il \u00abvolere\u00bb lo trascrive, senza produrlo da se stesso.<\/p>\n<p>Notiamo che nella riproduzione degli organismi non sessuati, la scissiparit\u00e0 delle amebe, per esempio, non c\u2019\u00e8 legame di filiazione, c\u2019\u00e8 solo la riproduzione estensiva. Tutto avviene \u00ab in orizzontale \u00bb, in rete, direi, senza caduta verticale. Ma la distinzione fra gli organismi non \u00e8 chiara. Mentre la generazione del <em>parlessere<\/em>, che non avviene senza l\u2019evocazione del rapporto sessuale che non c\u2019\u00e8, si effettua con una separazione non anonima, che fa s\u00ec che ci sia un bambino che si distingue grazie al quale c\u2019\u00e8 trasmissione.<\/p>\n<p>Avere a che fare con dei sintomi \u00e8 dunque il modo meno inadeguato per avvicinare il rapporto a quel che si trova prodotto, dal lato del \u00abvolere un bambino?\u00bb, non senza il fondamentale punto interrogativo. E se si vuole affrontare la questione senza perdersi negli arcani delle intenzione, dei sensi, delle volont\u00e0, disposizione delle funzioni e ripartizioni dei desideri, si tratta meno di interpretare che di reperire quel che fa traccia e punto di appoggio.<\/p>\n<p>Quali che siano le aspirazioni d\u2019autonomia, i desideri di liberazione e di svincolamento dalle catene di ogni ordine, resta \u2013 e, in questo caso, quel che resta si ripete in quanto non dissolto \u2013 che nessun\u2019altra identit\u00e0 se non quella sintomatica, imbastardita dunque di eterogeneit\u00e0 e d\u2019incompletezza, non potr\u00e0 essere partorita. Lacan afferma che lo psicoanalista \u00e8 un sinthomo <a href=\"#_edn3\" name=\"_ednref3\">[3]<\/a>, e un bambino non pu\u00f2 volere se stesso, anche se la domanda pu\u00f2 sorgergli e tentare di rispondervi \u00e8 in grado di avanzare in modo utile per lui.<\/p>\n<p>&nbsp;<\/p>\n<p style=\"text-align: right;\">Traduzione di Ilaria Papandrea<\/p>\n<p style=\"text-align: right;\">Rilettura : Kawtar OMARY<\/p>\n<p style=\"text-align: right;\">Fotografia: \u00a9Val\u00e9rie Buchel<\/p>\n<p>&nbsp;<\/p>\n<p><a href=\"#_ednref1\" name=\"_edn1\">[1]<\/a> Lacan J., \u00abNota sul bambino\u00bb, <em>Altri scritti<\/em>, Torino, Einaudi, 2013, p. 367.<\/p>\n<p><a href=\"#_ednref2\" name=\"_edn2\">[2]<\/a> Lacan J., <em>Il Seminario, libro<\/em> XXIII, <em>Il sinthomo (1975-1976)<\/em>, a cura di A. Di Ciaccia, Roma, Astrolabio, 2006, p. 133.<\/p>\n<p><a href=\"#_ednref3\" name=\"_edn3\">[3]<\/a> Ibid.<\/p>\n<\/div>","protected":false},"excerpt":{"rendered":"<p>Ecco un titolo che si vuole, per una volta, inatteso! Ma la risposta immediata non pu\u00f2 che essere \u00ab no! \u00bb. Un figlio non pu\u00f2 volersi, a priori, prodotto detto del \u00abdesiderio dei genitori\u00bb, che si trova ad esercitarsi in un preteso intervallo, \u00ab tra \u00bb (i genitori, i partner, i significanti) fatto di divisioni, [&hellip;]<\/p>\n","protected":false},"author":3,"featured_media":2569,"comment_status":"closed","ping_status":"closed","sticky":false,"template":"","format":"standard","meta":[],"categories":[75],"tags":[],"yoast_head":"<!-- This site is optimized with the Yoast SEO plugin v15.5 - https:\/\/yoast.com\/wordpress\/plugins\/seo\/ -->\n<title>Un figlio si vuole? \u2013 Jean-Pierre Klotz - Pipol10<\/title>\n<meta name=\"robots\" content=\"index, follow, max-snippet:-1, max-image-preview:large, max-video-preview:-1\" \/>\n<link rel=\"canonical\" href=\"https:\/\/pipol10.pipolcongres.eu\/it\/2021\/05\/07\/un-figlio-si-vuole-jean-pierre-klotz\/\" \/>\n<meta property=\"og:locale\" content=\"it_IT\" \/>\n<meta property=\"og:type\" content=\"article\" \/>\n<meta property=\"og:title\" content=\"Un figlio si vuole? \u2013 Jean-Pierre Klotz - Pipol10\" \/>\n<meta property=\"og:description\" content=\"Ecco un titolo che si vuole, per una volta, inatteso! Ma la risposta immediata non pu\u00f2 che essere \u00ab no! \u00bb. Un figlio non pu\u00f2 volersi, a priori, prodotto detto del \u00abdesiderio dei genitori\u00bb, che si trova ad esercitarsi in un preteso intervallo, \u00ab tra \u00bb (i genitori, i partner, i significanti) fatto di divisioni, [&hellip;]\" \/>\n<meta property=\"og:url\" content=\"https:\/\/pipol10.pipolcongres.eu\/it\/2021\/05\/07\/un-figlio-si-vuole-jean-pierre-klotz\/\" \/>\n<meta property=\"og:site_name\" content=\"Pipol10\" \/>\n<meta property=\"article:published_time\" content=\"2021-05-06T22:15:11+00:00\" \/>\n<meta property=\"article:modified_time\" content=\"2021-05-08T09:44:41+00:00\" \/>\n<meta property=\"og:image\" content=\"https:\/\/pipol10.pipolcongres.eu\/wp-content\/uploads\/2021\/05\/Klotz-extrait-de-Buchet.jpg\" \/>\n\t<meta property=\"og:image:width\" content=\"1060\" \/>\n\t<meta property=\"og:image:height\" content=\"760\" \/>\n<meta name=\"twitter:card\" content=\"summary_large_image\" \/>\n<meta name=\"twitter:label1\" content=\"Tempo di lettura stimato\">\n\t<meta name=\"twitter:data1\" content=\"3 minuti\">\n<script type=\"application\/ld+json\" class=\"yoast-schema-graph\">{\"@context\":\"https:\/\/schema.org\",\"@graph\":[{\"@type\":\"WebSite\",\"@id\":\"https:\/\/pipol10.pipolcongres.eu\/#website\",\"url\":\"https:\/\/pipol10.pipolcongres.eu\/\",\"name\":\"Pipol10\",\"description\":\"Un site utilisant WordPress\",\"potentialAction\":[{\"@type\":\"SearchAction\",\"target\":\"https:\/\/pipol10.pipolcongres.eu\/?s={search_term_string}\",\"query-input\":\"required name=search_term_string\"}],\"inLanguage\":\"it-IT\"},{\"@type\":\"ImageObject\",\"@id\":\"https:\/\/pipol10.pipolcongres.eu\/it\/2021\/05\/07\/un-figlio-si-vuole-jean-pierre-klotz\/#primaryimage\",\"inLanguage\":\"it-IT\",\"url\":\"https:\/\/pipol10.pipolcongres.eu\/wp-content\/uploads\/2021\/05\/Klotz-extrait-de-Buchet.jpg\",\"width\":1060,\"height\":760,\"caption\":\"\\u00a9Val\\u00e9rie Buchel\"},{\"@type\":\"WebPage\",\"@id\":\"https:\/\/pipol10.pipolcongres.eu\/it\/2021\/05\/07\/un-figlio-si-vuole-jean-pierre-klotz\/#webpage\",\"url\":\"https:\/\/pipol10.pipolcongres.eu\/it\/2021\/05\/07\/un-figlio-si-vuole-jean-pierre-klotz\/\",\"name\":\"Un figlio si vuole? \\u2013 Jean-Pierre Klotz - Pipol10\",\"isPartOf\":{\"@id\":\"https:\/\/pipol10.pipolcongres.eu\/#website\"},\"primaryImageOfPage\":{\"@id\":\"https:\/\/pipol10.pipolcongres.eu\/it\/2021\/05\/07\/un-figlio-si-vuole-jean-pierre-klotz\/#primaryimage\"},\"datePublished\":\"2021-05-06T22:15:11+00:00\",\"dateModified\":\"2021-05-08T09:44:41+00:00\",\"author\":{\"@id\":\"https:\/\/pipol10.pipolcongres.eu\/#\/schema\/person\/f8cb217f45103fcb436f14acee2b5b9b\"},\"inLanguage\":\"it-IT\",\"potentialAction\":[{\"@type\":\"ReadAction\",\"target\":[\"https:\/\/pipol10.pipolcongres.eu\/it\/2021\/05\/07\/un-figlio-si-vuole-jean-pierre-klotz\/\"]}]},{\"@type\":\"Person\",\"@id\":\"https:\/\/pipol10.pipolcongres.eu\/#\/schema\/person\/f8cb217f45103fcb436f14acee2b5b9b\",\"name\":\"PIPOL TEAM\",\"image\":{\"@type\":\"ImageObject\",\"@id\":\"https:\/\/pipol10.pipolcongres.eu\/#personlogo\",\"inLanguage\":\"it-IT\",\"url\":\"https:\/\/secure.gravatar.com\/avatar\/0eb3136ac61cb005f2ca6aef466d1dda?s=96&d=mm&r=g\",\"caption\":\"PIPOL TEAM\"}}]}<\/script>\n<!-- \/ Yoast SEO plugin. -->","amp_validity":null,"amp_enabled":true,"_links":{"self":[{"href":"https:\/\/pipol10.pipolcongres.eu\/it\/wp-json\/wp\/v2\/posts\/2596"}],"collection":[{"href":"https:\/\/pipol10.pipolcongres.eu\/it\/wp-json\/wp\/v2\/posts"}],"about":[{"href":"https:\/\/pipol10.pipolcongres.eu\/it\/wp-json\/wp\/v2\/types\/post"}],"author":[{"embeddable":true,"href":"https:\/\/pipol10.pipolcongres.eu\/it\/wp-json\/wp\/v2\/users\/3"}],"replies":[{"embeddable":true,"href":"https:\/\/pipol10.pipolcongres.eu\/it\/wp-json\/wp\/v2\/comments?post=2596"}],"version-history":[{"count":3,"href":"https:\/\/pipol10.pipolcongres.eu\/it\/wp-json\/wp\/v2\/posts\/2596\/revisions"}],"predecessor-version":[{"id":2623,"href":"https:\/\/pipol10.pipolcongres.eu\/it\/wp-json\/wp\/v2\/posts\/2596\/revisions\/2623"}],"wp:featuredmedia":[{"embeddable":true,"href":"https:\/\/pipol10.pipolcongres.eu\/it\/wp-json\/wp\/v2\/media\/2569"}],"wp:attachment":[{"href":"https:\/\/pipol10.pipolcongres.eu\/it\/wp-json\/wp\/v2\/media?parent=2596"}],"wp:term":[{"taxonomy":"category","embeddable":true,"href":"https:\/\/pipol10.pipolcongres.eu\/it\/wp-json\/wp\/v2\/categories?post=2596"},{"taxonomy":"post_tag","embeddable":true,"href":"https:\/\/pipol10.pipolcongres.eu\/it\/wp-json\/wp\/v2\/tags?post=2596"}],"curies":[{"name":"wp","href":"https:\/\/api.w.org\/{rel}","templated":true}]}}