{"id":3067,"date":"2021-06-10T21:29:34","date_gmt":"2021-06-10T19:29:34","guid":{"rendered":"https:\/\/pipol10.pipolcongres.eu\/2021\/06\/10\/vouloir-un-enfant-carina-arantes-faria\/"},"modified":"2021-06-10T22:51:04","modified_gmt":"2021-06-10T20:51:04","slug":"volere-un-figlio-carina-arantes-faria","status":"publish","type":"post","link":"https:\/\/pipol10.pipolcongres.eu\/it\/2021\/06\/10\/volere-un-figlio-carina-arantes-faria\/","title":{"rendered":"Volere un figlio? \u2013 Carina Arantes Faria"},"content":{"rendered":"<div class=\"pf-content\"><p>Questa domanda, dispiegata in maniera caleidoscopica nei 19 numeri di Ombilic, continua ad alimentare di vivide e variegate sensazioni le elaborazioni per il congresso PIPOL10. Poco pi\u00f9 di tre settimane e queste domande in gestazione si apriranno nelle simultanee e nelle plenarie del Congresso.<\/p>\n<p>Per presentare questa edizione di Ombilic ho scelto di illustrare la domanda \u2013 <em>Volere un figlio?<\/em> \u2013 attraverso il film <em>Una especie de familia<\/em>, in italiano <em>Non senza mio figlio<\/em>, diretto dall&#8217;argentino Diego Lerman (2017).<\/p>\n<p><em>Malena vuole un bambino; Marcela non vuole il suo<\/em>. Sotto la pioggia, in un&#8217;atmosfera da brivido, Malena lascia Buenos Aires e percorre 800 km per raggiungere una clinica situata in una regione povera. Marcela vi dar\u00e0 alla luce il bambino che, secondo un accordo stabilito tra loro, dovrebbe diventare il figlio di Malena. Le implicazioni legate all&#8217;adozione mettono a nudo la realt\u00e0 della vendita dei bambini in quel piccolo angolo dell&#8217;Argentina.<\/p>\n<p>Tra la variet\u00e0 di impasse presentate nel film, c&#8217;\u00e8 quello tra Malena e Marcela sui loro modi singolari di volere questo bambino.<\/p>\n<p>Marcela, madre surrogata, d\u00e0 vita a questo bambino per poi venderlo, in modo da ottenere un po\u2019 di denaro per garantire la sussistenza degli altri suoi figli; Malena, madre adottiva, vuole avere un figlio ad ogni costo e \u2013 tormentata dalla propria angoscia \u2013 finisce in carcere, senza il bambino.<\/p>\n<p>L&#8217;Altro sociale ha interferito nell&#8217;impasse delle due donne con una sorta di mafia intrufolatasi tra la struttura ospedaliera e l&#8217;amministrazione dei registri di nascita per, presumibilmente, chiudere l&#8217;affare del bambino.<\/p>\n<p>Nel film, i peripli di Malena per avere un figlio cominciano in seguito alla perdita di un bambino durante la gravidanza e permettono allo spettatore di accompagnare il cammino del suo dolore e della sua afflizione di fronte all&#8217;imperativo di diventare madre.<\/p>\n<p>Uscita di prigione, Malena, determinata, sottrae il bambino affidato a un asilo nido per restituirlo alla madre surrogata. Una volta compiuto l\u2019atto, sparisce &#8230;<\/p>\n<p>&nbsp;<\/p>\n<p>I 5 testi presentati in questo numero di Ombilic esplorano questa stessa questione da diverse angolature tematiche.<\/p>\n<p>Romain Aub\u00e9 riprende un caso mediatico di infanticidio tramite il documentario <em>Parcours meurtrier d\u2019une m\u00e8re ordinaire<\/em><a href=\"#_edn1\" name=\"_ednref1\">[1]<\/a> per tracciare lo sforzo del soggetto di appropriarsi \u2013 a posteriori e con il riconoscimento dell&#8217;Altro \u2013 del desiderio di maternit\u00e0.<\/p>\n<p>Anne Lysy affronta la questione per la via dell&#8217;enigma del desiderio di un figlio situato nello scarto tra uomo e padre, donna e madre. Il suo testo si interroga sulla funzione di questo desiderio e sul posto che un bambino pu\u00f2 assumere nella soggettivit\u00e0 di sua madre in quanto donna, cos\u00ec come di suo padre in quanto uomo.<\/p>\n<p>Claudine Valette-Damase esplora il tema della forclusione del significante \u201cfamiglia\u201d in Europa \u2013 per quanto riguarda la famiglia e la filiazione \u2013 a favore del neologismo di <em>genitorialit\u00e0<\/em> nonch\u00e9 le conseguenze per genitori e figli di questo cambiamento promosso dalle leggi sociali.<\/p>\n<p>Renata Cuchiarelli apre il ventaglio di questioni derivate dall&#8217;idea di avere figli, partendo da varie vignette di una clinica contemporanea che ci mostra un crescente primato del corpo disgiunto da un sapere. L&#8217;autrice ci invita a discutere l&#8217;urgenza di affrontare, attraverso la psicoanalisi, ci\u00f2 che tocca l&#8217;inconsistenza del corpo.<\/p>\n<p>Fran\u00e7oise Haccoun ci ricorda che il fantasma di gravidanza non \u00e8 omologo al fantasma di avere un figlio. Qual \u00e8 allora la natura di questo fantasma nell\u2019essere umano? Il suo testo ci presenta <em>L&#8217;uomo in stato di gravidanza<\/em> e ci invita a considerare queste nuove esperienze procreative \u201ctrans\u201d che incidono sulle posizioni sia sul versante maschile che su quello femminile in base alla loro scelta di godimento, il che ci invita a riflettere sul termine di sessuazione coniato da Lacan verso la fine del suo insegnamento.<\/p>\n<p>Nel video di questa settimana intitolato <em>Lorsque le d\u00e9sir d\u2019enfant rencontre la science<\/em>, Thierry Hoquet, filosofo della scienza, ci parla degli effetti della scienza riproduttiva riguardo alla questione di <em>volere un figlio?<\/em>.<\/p>\n<p>Questo numero d\u2019Ombiic si conclude con la presentazione di H\u00e9l\u00e8ne Coppens dei due artisti nella nostra galleria: Hugue Dubuisson e Fred Reddman. Che bella esperienza!<\/p>\n<p>Buona lettura!<\/p>\n<p>&nbsp;<\/p>\n<h3><a href=\"https:\/\/pipol10.pipolcongres.eu\/wp-content\/uploads\/2021\/04\/Bibliography-2.pdf\">Bibliografia<\/a><\/h3>\n<p><a href=\"https:\/\/pipol10.pipolcongres.eu\/wp-content\/uploads\/2021\/04\/Bibliography-2.pdf\">&#8220;Il desiderio di un figlio, il parto, o addirittura la procreazione, sono uno dei modi della supplenza al \u2018non c\u2019\u00e8 del rapporto sessuale\u2019. Nel momento stesso in cui vi suppliscono, lo rivelano.&#8221;<\/a><\/p>\n<p>Ansermet F., \u201c<em>Du mariage pour tous\u2026 \u00e0 la procr\u00e9ation pour tous, entre malentendus et illusions<\/em>\u201d, Intervista a Fran\u00e7ois Ansermet diretta da Nouria Gr\u00fcndler, Lacan Quotidien, n\u00b0 794, 2018.<\/p>\n<p>&nbsp;<\/p>\n<p style=\"text-align: right;\">Fotografia: \u00a9Swoboda Fr\u00e9d\u00e9ric\u00a0: <a href=\"http:\/\/www.swoboda.be\/\">www.swoboda.be<\/a><\/p>\n<p>&nbsp;<\/p>\n<p><a href=\"#_ednref1\" name=\"_edn1\">[1]<\/a> de Lestrade J.-X., <em>Parcours meurtrier d\u2019une m\u00e8re ordinaire. <\/em><em>L\u2019affaire Courjault<\/em>, film documentario, Francia, 2009.<\/p>\n<\/div>","protected":false},"excerpt":{"rendered":"<p>Questa domanda, dispiegata in maniera caleidoscopica nei 19 numeri di Ombilic, continua ad alimentare di vivide e variegate sensazioni le elaborazioni per il congresso PIPOL10. Poco pi\u00f9 di tre settimane e queste domande in gestazione si apriranno nelle simultanee e nelle plenarie del Congresso. Per presentare questa edizione di Ombilic ho scelto di illustrare la [&hellip;]<\/p>\n","protected":false},"author":3,"featured_media":3061,"comment_status":"closed","ping_status":"closed","sticky":false,"template":"","format":"standard","meta":[],"categories":[84],"tags":[],"yoast_head":"<!-- This site is optimized with the Yoast SEO plugin v15.5 - https:\/\/yoast.com\/wordpress\/plugins\/seo\/ -->\n<title>Volere un figlio? \u2013 Carina Arantes Faria - Pipol10<\/title>\n<meta name=\"robots\" content=\"index, follow, max-snippet:-1, max-image-preview:large, max-video-preview:-1\" \/>\n<link rel=\"canonical\" href=\"https:\/\/pipol10.pipolcongres.eu\/it\/2021\/06\/10\/volere-un-figlio-carina-arantes-faria\/\" \/>\n<meta property=\"og:locale\" content=\"it_IT\" \/>\n<meta property=\"og:type\" content=\"article\" \/>\n<meta property=\"og:title\" content=\"Volere un figlio? \u2013 Carina Arantes Faria - Pipol10\" \/>\n<meta property=\"og:description\" content=\"Questa domanda, dispiegata in maniera caleidoscopica nei 19 numeri di Ombilic, continua ad alimentare di vivide e variegate sensazioni le elaborazioni per il congresso PIPOL10. Poco pi\u00f9 di tre settimane e queste domande in gestazione si apriranno nelle simultanee e nelle plenarie del Congresso. Per presentare questa edizione di Ombilic ho scelto di illustrare la [&hellip;]\" \/>\n<meta property=\"og:url\" content=\"https:\/\/pipol10.pipolcongres.eu\/it\/2021\/06\/10\/volere-un-figlio-carina-arantes-faria\/\" \/>\n<meta property=\"og:site_name\" content=\"Pipol10\" \/>\n<meta property=\"article:published_time\" content=\"2021-06-10T19:29:34+00:00\" \/>\n<meta property=\"article:modified_time\" content=\"2021-06-10T20:51:04+00:00\" \/>\n<meta property=\"og:image\" content=\"https:\/\/pipol10.pipolcongres.eu\/wp-content\/uploads\/2021\/06\/Swoboda.-edito-Carina.jpg\" \/>\n\t<meta property=\"og:image:width\" content=\"1140\" \/>\n\t<meta property=\"og:image:height\" content=\"760\" \/>\n<meta name=\"twitter:card\" content=\"summary_large_image\" \/>\n<meta name=\"twitter:label1\" content=\"Tempo di lettura stimato\">\n\t<meta name=\"twitter:data1\" content=\"3 minuti\">\n<script type=\"application\/ld+json\" class=\"yoast-schema-graph\">{\"@context\":\"https:\/\/schema.org\",\"@graph\":[{\"@type\":\"WebSite\",\"@id\":\"https:\/\/pipol10.pipolcongres.eu\/#website\",\"url\":\"https:\/\/pipol10.pipolcongres.eu\/\",\"name\":\"Pipol10\",\"description\":\"Un site utilisant WordPress\",\"potentialAction\":[{\"@type\":\"SearchAction\",\"target\":\"https:\/\/pipol10.pipolcongres.eu\/?s={search_term_string}\",\"query-input\":\"required name=search_term_string\"}],\"inLanguage\":\"it-IT\"},{\"@type\":\"ImageObject\",\"@id\":\"https:\/\/pipol10.pipolcongres.eu\/it\/2021\/06\/10\/volere-un-figlio-carina-arantes-faria\/#primaryimage\",\"inLanguage\":\"it-IT\",\"url\":\"https:\/\/pipol10.pipolcongres.eu\/wp-content\/uploads\/2021\/06\/Swoboda.-edito-Carina.jpg\",\"width\":1140,\"height\":760,\"caption\":\"\\u00a9Swoboda Fr\\u00e9d\\u00e9ric : www.swoboda.be\"},{\"@type\":\"WebPage\",\"@id\":\"https:\/\/pipol10.pipolcongres.eu\/it\/2021\/06\/10\/volere-un-figlio-carina-arantes-faria\/#webpage\",\"url\":\"https:\/\/pipol10.pipolcongres.eu\/it\/2021\/06\/10\/volere-un-figlio-carina-arantes-faria\/\",\"name\":\"Volere un figlio? \\u2013 Carina Arantes Faria - Pipol10\",\"isPartOf\":{\"@id\":\"https:\/\/pipol10.pipolcongres.eu\/#website\"},\"primaryImageOfPage\":{\"@id\":\"https:\/\/pipol10.pipolcongres.eu\/it\/2021\/06\/10\/volere-un-figlio-carina-arantes-faria\/#primaryimage\"},\"datePublished\":\"2021-06-10T19:29:34+00:00\",\"dateModified\":\"2021-06-10T20:51:04+00:00\",\"author\":{\"@id\":\"https:\/\/pipol10.pipolcongres.eu\/#\/schema\/person\/f8cb217f45103fcb436f14acee2b5b9b\"},\"inLanguage\":\"it-IT\",\"potentialAction\":[{\"@type\":\"ReadAction\",\"target\":[\"https:\/\/pipol10.pipolcongres.eu\/it\/2021\/06\/10\/volere-un-figlio-carina-arantes-faria\/\"]}]},{\"@type\":\"Person\",\"@id\":\"https:\/\/pipol10.pipolcongres.eu\/#\/schema\/person\/f8cb217f45103fcb436f14acee2b5b9b\",\"name\":\"PIPOL TEAM\",\"image\":{\"@type\":\"ImageObject\",\"@id\":\"https:\/\/pipol10.pipolcongres.eu\/#personlogo\",\"inLanguage\":\"it-IT\",\"url\":\"https:\/\/secure.gravatar.com\/avatar\/0eb3136ac61cb005f2ca6aef466d1dda?s=96&d=mm&r=g\",\"caption\":\"PIPOL TEAM\"}}]}<\/script>\n<!-- \/ Yoast SEO plugin. -->","amp_validity":null,"amp_enabled":true,"_links":{"self":[{"href":"https:\/\/pipol10.pipolcongres.eu\/it\/wp-json\/wp\/v2\/posts\/3067"}],"collection":[{"href":"https:\/\/pipol10.pipolcongres.eu\/it\/wp-json\/wp\/v2\/posts"}],"about":[{"href":"https:\/\/pipol10.pipolcongres.eu\/it\/wp-json\/wp\/v2\/types\/post"}],"author":[{"embeddable":true,"href":"https:\/\/pipol10.pipolcongres.eu\/it\/wp-json\/wp\/v2\/users\/3"}],"replies":[{"embeddable":true,"href":"https:\/\/pipol10.pipolcongres.eu\/it\/wp-json\/wp\/v2\/comments?post=3067"}],"version-history":[{"count":2,"href":"https:\/\/pipol10.pipolcongres.eu\/it\/wp-json\/wp\/v2\/posts\/3067\/revisions"}],"predecessor-version":[{"id":3072,"href":"https:\/\/pipol10.pipolcongres.eu\/it\/wp-json\/wp\/v2\/posts\/3067\/revisions\/3072"}],"wp:featuredmedia":[{"embeddable":true,"href":"https:\/\/pipol10.pipolcongres.eu\/it\/wp-json\/wp\/v2\/media\/3061"}],"wp:attachment":[{"href":"https:\/\/pipol10.pipolcongres.eu\/it\/wp-json\/wp\/v2\/media?parent=3067"}],"wp:term":[{"taxonomy":"category","embeddable":true,"href":"https:\/\/pipol10.pipolcongres.eu\/it\/wp-json\/wp\/v2\/categories?post=3067"},{"taxonomy":"post_tag","embeddable":true,"href":"https:\/\/pipol10.pipolcongres.eu\/it\/wp-json\/wp\/v2\/tags?post=3067"}],"curies":[{"name":"wp","href":"https:\/\/api.w.org\/{rel}","templated":true}]}}